{"id":3341,"date":"2023-06-20T04:34:19","date_gmt":"2023-06-20T04:34:19","guid":{"rendered":"https:\/\/lavozdesanesteban.cl\/?p=3341"},"modified":"2023-06-20T04:34:20","modified_gmt":"2023-06-20T04:34:20","slug":"mas-de-80-estudiantes-participaron-de-exitoso-concurso-de-dibujo-del-departamento-de-salud-de-san-esteban","status":"publish","type":"post","link":"https:\/\/lavozdesanesteban.cl\/index.php\/2023\/06\/20\/mas-de-80-estudiantes-participaron-de-exitoso-concurso-de-dibujo-del-departamento-de-salud-de-san-esteban\/","title":{"rendered":"M\u00e1s de 80 estudiantes participaron de exitoso concurso de dibujo del Departamento de Salud de San Esteban"},"content":{"rendered":"\n<p><\/p>\n\n\n\n<ul><li>Instancia se realiz\u00f3 por la conmemoraci\u00f3n del D\u00eda Mundial Sin Tabaco.<\/li><\/ul>\n\n\n\n<p>A fines de mayo se conmemor\u00f3 el D\u00eda Mundial Sin Tabaco a nivel mundial, por lo que el Departamento de Salud de San Esteban organiz\u00f3 un concurso de dibujo dirigido a las ni\u00f1as,&nbsp; ni\u00f1os y adolescentes de la comuna, donde se evalu\u00f3 creatividad y mensaje en tres categor\u00edas de acuerdo a las edades.<\/p>\n\n\n\n<p>M\u00e1s de 80 estudiantes de las escuelas de Lo Calvo, Silvio Zenteno y Pablo Neruda, junto a otros dibujos que llegaron de manera particular al Departamento de Salud Municipal, participaron de esta instancia que pretende dar a conocer los riesgos del consumo de cigarrillo.<\/p>\n\n\n\n<p>Las categor\u00edas se dividieron entre \u201cPrimer ciclo\u201d de 1\u00b0 a 4\u00b0 b\u00e1sico, \u201cSegundo ciclo\u201d de 5\u00b0 a 8\u00b0 b\u00e1sico y Adolescente. El equipo de salud junto a la Oficina Local de La Ni\u00f1ez otorgaron notas por creatividad y mensaje para determinar a los ganadores.<\/p>\n\n\n\n<p>\u201cQueremos agradecer a las instituciones, a nuestro municipio por esta tremenda actividad, hoy cerramos un ciclo a prop\u00f3sito del D\u00eda internacional Sin Humo de Tabaco y en esta gran celebraci\u00f3n recorrimos los establecimientos educacionales junto a SENDA, nuestra Oficina Local de La Ni\u00f1ez y el equipo de Promoci\u00f3n de la Salud de nuestro CESFAM para poder premiar a aquellos ni\u00f1os que no solamente entregaron sus dibujos sino que un mensaje a trav\u00e9s de ellos y que nos tiene tremendamente contentos y con ansias de que el pr\u00f3ximo a\u00f1o esta actividad llegue a\u00fan a m\u00e1s ni\u00f1os\u201d, coment\u00f3 el director del Departamento de Salud, Juan Antonio Lobos.<\/p>\n\n\n\n<p>Cabe destacar que esta actividad se enmarca en las realizadas por Promoci\u00f3n de Salud. La pr\u00f3xima a realizar es una caminata al Cristo de Palo junto a usuarias y usuarias de los programas de salud el 30 de junio. Las y los vecinos interesados en participar pueden comunicarse a trav\u00e9s de las redes sociales del Departamento de Salud o directamente en \u201cPromoci\u00f3n de Salud\u201d del Cesfam de San Esteban.<\/p>\n","protected":false},"excerpt":{"rendered":"<p>Instancia se realiz\u00f3 por la conmemoraci\u00f3n del D\u00eda Mundial Sin Tabaco. A fines de mayo se conmemor\u00f3 el D\u00eda Mundial Sin Tabaco a nivel mundial, por lo que el Departamento de Salud de San Esteban organiz\u00f3 un concurso de dibujo dirigido a las ni\u00f1as,&nbsp; ni\u00f1os y adolescentes de la comuna, donde se evalu\u00f3 creatividad y &hellip;<\/p>\n","protected":false},"author":2,"featured_media":3342,"comment_status":"open","ping_status":"open","sticky":false,"template":"","format":"standard","meta":{"spay_email":""},"categories":[2],"tags":[8],"jetpack_featured_media_url":"https:\/\/lavozdesanesteban.cl\/wp-content\/uploads\/2023\/06\/CONCURSO-DE-DIBUJO-2-scaled.jpg","_links":{"self":[{"href":"https:\/\/lavozdesanesteban.cl\/index.php\/wp-json\/wp\/v2\/posts\/3341"}],"collection":[{"href":"https:\/\/lavozdesanesteban.cl\/index.php\/wp-json\/wp\/v2\/posts"}],"about":[{"href":"https:\/\/lavozdesanesteban.cl\/index.php\/wp-json\/wp\/v2\/types\/post"}],"author":[{"embeddable":true,"href":"https:\/\/lavozdesanesteban.cl\/index.php\/wp-json\/wp\/v2\/users\/2"}],"replies":[{"embeddable":true,"href":"https:\/\/lavozdesanesteban.cl\/index.php\/wp-json\/wp\/v2\/comments?post=3341"}],"version-history":[{"count":1,"href":"https:\/\/lavozdesanesteban.cl\/index.php\/wp-json\/wp\/v2\/posts\/3341\/revisions"}],"predecessor-version":[{"id":3343,"href":"https:\/\/lavozdesanesteban.cl\/index.php\/wp-json\/wp\/v2\/posts\/3341\/revisions\/3343"}],"wp:featuredmedia":[{"embeddable":true,"href":"https:\/\/lavozdesanesteban.cl\/index.php\/wp-json\/wp\/v2\/media\/3342"}],"wp:attachment":[{"href":"https:\/\/lavozdesanesteban.cl\/index.php\/wp-json\/wp\/v2\/media?parent=3341"}],"wp:term":[{"taxonomy":"category","embeddable":true,"href":"https:\/\/lavozdesanesteban.cl\/index.php\/wp-json\/wp\/v2\/categories?post=3341"},{"taxonomy":"post_tag","embeddable":true,"href":"https:\/\/lavozdesanesteban.cl\/index.php\/wp-json\/wp\/v2\/tags?post=3341"}],"curies":[{"name":"wp","href":"https:\/\/api.w.org\/{rel}","templated":true}]}}