{"id":3344,"date":"2023-06-20T04:39:43","date_gmt":"2023-06-20T04:39:43","guid":{"rendered":"https:\/\/lavozdesanesteban.cl\/?p=3344"},"modified":"2023-06-20T04:39:47","modified_gmt":"2023-06-20T04:39:47","slug":"cecosf-de-lo-calvo-de-san-esteban-gestiono-taller-de-sonidoterapia-para-docentes-y-asistentes-de-escuela-mixta","status":"publish","type":"post","link":"https:\/\/lavozdesanesteban.cl\/index.php\/2023\/06\/20\/cecosf-de-lo-calvo-de-san-esteban-gestiono-taller-de-sonidoterapia-para-docentes-y-asistentes-de-escuela-mixta\/","title":{"rendered":"Cecosf de Lo Calvo de San Esteban gestion\u00f3 taller de sonidoterapia para docentes y asistentes de Escuela Mixta"},"content":{"rendered":"\n<p><\/p>\n\n\n\n<ul><li>M\u00e1s &nbsp;de 10 funcionarios participaron de esta innovadora terapia alternativa.<\/li><\/ul>\n\n\n\n<p>El semestre escolar est\u00e1 por finalizar y pronto las ni\u00f1as y ni\u00f1os de las escuelas saldr\u00e1n de vacaciones. En ese contexto, los profesores de la Escuela Mixta de Lo Calvo mostraron la necesidad de tener un espacio de relajaci\u00f3n y gracias a gestiones del Departamento de Salud de San Esteban, a trav\u00e9s del Cecosf de Lo Calvo, recibieron una clase de Sonidoterapia.<\/p>\n\n\n\n<p>La Gestora Comunitaria, Aracely Donoso &#8211; quien cumple un rol fundamental en el v\u00ednculo con la comunidad del sector &#8211; fue la encargada de llevar a cabo esta actividad junto al profesor El\u00edas Acevedo, quien con la utilizaci\u00f3n de cuencos y otros instrumentos musicales relajantes, logr\u00f3 crear un distendido ambiente para los docentes y asistentes de la escuela que participaron.<\/p>\n\n\n\n<p>\u201cEsta actividad que se realiz\u00f3 hoy en la Escuela Mixta de Lo Calvo con los docentes fue una terapia de Sonidoterapia, una medicina alternativa que te ayuda mucho en la parte emocional. Bueno lo hicimos porque los profesores ya van a salir de vacaciones y quer\u00edamos que los profesores se relajaran un poco, pudieran tener un tiempo con ellos mismos y esto lo gestionamos desde el Cecosf con la escuela\u201d, coment\u00f3 Aracely Donoso, gestora territorial del Cecosf de Lo Calvo.<\/p>\n\n\n\n<p>El director del establecimiento, Crist\u00f3bal Aguilera, agradeci\u00f3 la actividad, que fue gestionada a trav\u00e9s del plan Psicoemocional de la escuela, donde se est\u00e1 trabajando constantemente en la salud mental de los diferentes estamentos.<\/p>\n","protected":false},"excerpt":{"rendered":"<p>M\u00e1s &nbsp;de 10 funcionarios participaron de esta innovadora terapia alternativa. El semestre escolar est\u00e1 por finalizar y pronto las ni\u00f1as y ni\u00f1os de las escuelas saldr\u00e1n de vacaciones. En ese contexto, los profesores de la Escuela Mixta de Lo Calvo mostraron la necesidad de tener un espacio de relajaci\u00f3n y gracias a gestiones del Departamento &hellip;<\/p>\n","protected":false},"author":2,"featured_media":3345,"comment_status":"open","ping_status":"open","sticky":false,"template":"","format":"standard","meta":{"spay_email":""},"categories":[2],"tags":[8],"jetpack_featured_media_url":"https:\/\/lavozdesanesteban.cl\/wp-content\/uploads\/2023\/06\/SONIDOTERAPIA-LO-CALVO-scaled.jpg","_links":{"self":[{"href":"https:\/\/lavozdesanesteban.cl\/index.php\/wp-json\/wp\/v2\/posts\/3344"}],"collection":[{"href":"https:\/\/lavozdesanesteban.cl\/index.php\/wp-json\/wp\/v2\/posts"}],"about":[{"href":"https:\/\/lavozdesanesteban.cl\/index.php\/wp-json\/wp\/v2\/types\/post"}],"author":[{"embeddable":true,"href":"https:\/\/lavozdesanesteban.cl\/index.php\/wp-json\/wp\/v2\/users\/2"}],"replies":[{"embeddable":true,"href":"https:\/\/lavozdesanesteban.cl\/index.php\/wp-json\/wp\/v2\/comments?post=3344"}],"version-history":[{"count":1,"href":"https:\/\/lavozdesanesteban.cl\/index.php\/wp-json\/wp\/v2\/posts\/3344\/revisions"}],"predecessor-version":[{"id":3346,"href":"https:\/\/lavozdesanesteban.cl\/index.php\/wp-json\/wp\/v2\/posts\/3344\/revisions\/3346"}],"wp:featuredmedia":[{"embeddable":true,"href":"https:\/\/lavozdesanesteban.cl\/index.php\/wp-json\/wp\/v2\/media\/3345"}],"wp:attachment":[{"href":"https:\/\/lavozdesanesteban.cl\/index.php\/wp-json\/wp\/v2\/media?parent=3344"}],"wp:term":[{"taxonomy":"category","embeddable":true,"href":"https:\/\/lavozdesanesteban.cl\/index.php\/wp-json\/wp\/v2\/categories?post=3344"},{"taxonomy":"post_tag","embeddable":true,"href":"https:\/\/lavozdesanesteban.cl\/index.php\/wp-json\/wp\/v2\/tags?post=3344"}],"curies":[{"name":"wp","href":"https:\/\/api.w.org\/{rel}","templated":true}]}}