{"id":3347,"date":"2023-06-20T04:43:32","date_gmt":"2023-06-20T04:43:32","guid":{"rendered":"https:\/\/lavozdesanesteban.cl\/?p=3347"},"modified":"2023-06-20T04:43:36","modified_gmt":"2023-06-20T04:43:36","slug":"municipalidad-de-san-esteban-instalo-13-contenedores-de-aceite-usado-para-continuar-fortaleciendo-la-politica-medioambiental","status":"publish","type":"post","link":"https:\/\/lavozdesanesteban.cl\/index.php\/2023\/06\/20\/municipalidad-de-san-esteban-instalo-13-contenedores-de-aceite-usado-para-continuar-fortaleciendo-la-politica-medioambiental\/","title":{"rendered":"Municipalidad de San Esteban instal\u00f3 13 contenedores de aceite usado para continuar fortaleciendo la pol\u00edtica medioambiental"},"content":{"rendered":"\n<p><\/p>\n\n\n\n<ul><li>Esta innovadora iniciativa permitir\u00e1 que los vecinos cuenten con un dispositivo acondicionado para estas tareas.<\/li><\/ul>\n\n\n\n<p>El municipio de San Esteban, en conjunto con la recicladora \u201crecuperadora Chile\u201d, instalaron 13 contenedores de aceite usado en distintos puntos de la comuna, los que permitir\u00e1n a las vecinas y vecinos depositar este tipo de productos en un lugar que estar\u00e1 especialmente acondicionado para ello.<\/p>\n\n\n\n<p>De esta manera, la comuna sigue avanzando en la implementaci\u00f3n de pol\u00edticas medioambientales, que favorecen el cuidado del entorno y promueven las pr\u00e1cticas responsables en el manejo de los desechos.<\/p>\n\n\n\n<p>No es la primera acci\u00f3n colaborativa que realiza el municipio con la recicladora. Estos \u00faltimos, tambi\u00e9n, son los encargados de los m\u00e1s de 30 puntos verdes repartidos por San Esteban, por lo que esta acci\u00f3n, vendr\u00e1 a reforzar a\u00fan m\u00e1s la labor educativa respecto al cuidado del entorno.<\/p>\n\n\n\n<p>El alcalde Christian Ortega se\u00f1al\u00f3 que \u201cnos pone muy contentos poder informar sobre esta iniciativa. Para nosotros, el respeto y cuidado medioambiental es fundamental y es parte de nuestro eje estrat\u00e9gico. Por eso es que estamos dando inicio a esta nueva campa\u00f1a de reciclaje de aceite de fritura. Estos 13 contenedores estar\u00e1n distribuidos en distintos puntos para que sean utilizados por nuestros vecinos\u201d, apunt\u00f3.<\/p>\n\n\n\n<p>En ese mismo sentido, Bel\u00e9n Espinoza, parte del equipo de \u201crecuperadora Chile\u201d, manifest\u00f3 que la mejor manera de hacer dep\u00f3sito del aceite es a verti\u00e9ndolo en una botella pl\u00e1stica: \u201cPara que la gente pueda darle un buen uso, es importante que una vez que ocupe el aceite, espere que se enfr\u00ede, lo vierta en una botella pl\u00e1stica con tapa y lo deposite. De esa manera, le daremos un buen y adecuado uso\u201d, aclar\u00f3.<\/p>\n\n\n\n<p>Por su parte, Eduardo Mercado, afirm\u00f3 que \u201ces parte de las pol\u00edticas municipales el cuidado y respeto medioambiental, y precisamente estas medidas van dirigidas a esa tem\u00e1tica, para evitar que dejemos nuestros residuos en alcantarillados o fuentes de aguas cercanas. Es esencial que utilicemos bien nuestros puntos\u201d, finaliz\u00f3.<\/p>\n","protected":false},"excerpt":{"rendered":"<p>Esta innovadora iniciativa permitir\u00e1 que los vecinos cuenten con un dispositivo acondicionado para estas tareas. El municipio de San Esteban, en conjunto con la recicladora \u201crecuperadora Chile\u201d, instalaron 13 contenedores de aceite usado en distintos puntos de la comuna, los que permitir\u00e1n a las vecinas y vecinos depositar este tipo de productos en un lugar &hellip;<\/p>\n","protected":false},"author":2,"featured_media":3348,"comment_status":"open","ping_status":"open","sticky":false,"template":"","format":"standard","meta":{"spay_email":""},"categories":[2],"tags":[8],"jetpack_featured_media_url":"https:\/\/lavozdesanesteban.cl\/wp-content\/uploads\/2023\/06\/CONTENEDORES-scaled.jpg","_links":{"self":[{"href":"https:\/\/lavozdesanesteban.cl\/index.php\/wp-json\/wp\/v2\/posts\/3347"}],"collection":[{"href":"https:\/\/lavozdesanesteban.cl\/index.php\/wp-json\/wp\/v2\/posts"}],"about":[{"href":"https:\/\/lavozdesanesteban.cl\/index.php\/wp-json\/wp\/v2\/types\/post"}],"author":[{"embeddable":true,"href":"https:\/\/lavozdesanesteban.cl\/index.php\/wp-json\/wp\/v2\/users\/2"}],"replies":[{"embeddable":true,"href":"https:\/\/lavozdesanesteban.cl\/index.php\/wp-json\/wp\/v2\/comments?post=3347"}],"version-history":[{"count":1,"href":"https:\/\/lavozdesanesteban.cl\/index.php\/wp-json\/wp\/v2\/posts\/3347\/revisions"}],"predecessor-version":[{"id":3349,"href":"https:\/\/lavozdesanesteban.cl\/index.php\/wp-json\/wp\/v2\/posts\/3347\/revisions\/3349"}],"wp:featuredmedia":[{"embeddable":true,"href":"https:\/\/lavozdesanesteban.cl\/index.php\/wp-json\/wp\/v2\/media\/3348"}],"wp:attachment":[{"href":"https:\/\/lavozdesanesteban.cl\/index.php\/wp-json\/wp\/v2\/media?parent=3347"}],"wp:term":[{"taxonomy":"category","embeddable":true,"href":"https:\/\/lavozdesanesteban.cl\/index.php\/wp-json\/wp\/v2\/categories?post=3347"},{"taxonomy":"post_tag","embeddable":true,"href":"https:\/\/lavozdesanesteban.cl\/index.php\/wp-json\/wp\/v2\/tags?post=3347"}],"curies":[{"name":"wp","href":"https:\/\/api.w.org\/{rel}","templated":true}]}}