{"id":3350,"date":"2023-06-21T03:12:51","date_gmt":"2023-06-21T03:12:51","guid":{"rendered":"https:\/\/lavozdesanesteban.cl\/?p=3350"},"modified":"2023-06-21T03:12:55","modified_gmt":"2023-06-21T03:12:55","slug":"anuncian-cierre-de-paso-los-libertadores-por-frente-de-mal-tiempo-con-nevadas-en-la-cordillera","status":"publish","type":"post","link":"https:\/\/lavozdesanesteban.cl\/index.php\/2023\/06\/21\/anuncian-cierre-de-paso-los-libertadores-por-frente-de-mal-tiempo-con-nevadas-en-la-cordillera\/","title":{"rendered":"Anuncian cierre de Paso Los Libertadores por frente de mal tiempo con nevadas en la cordillera"},"content":{"rendered":"\n<p><\/p>\n\n\n\n<p><strong>El cierre se mantendr\u00e1 hasta que las condiciones meteorol\u00f3gicas mejoren.<\/strong><\/p>\n\n\n\n<p>La&nbsp;<strong>Delegaci\u00f3n Presidencial Provincial de Los Andes<\/strong>&nbsp;anunci\u00f3 el&nbsp;<strong>cierre preventivo<\/strong>&nbsp;del&nbsp;<strong>Paso Los Libertadores<\/strong>&nbsp;por un frente de mal tiempo que incluir\u00e1 nevadas en la&nbsp;<strong>cordillera<\/strong>.<\/p>\n\n\n\n<p>A trav\u00e9s de un comunicado de prensa, el organismo indic\u00f3 a los usuarios del&nbsp;<strong>Sistema Integrado Cristo Redentor<\/strong>&nbsp;que, por decisi\u00f3n de ambas coordinaciones y en conjunto con ambas vialidades,&nbsp;\u00aba partir de las&nbsp;<strong>08:00 horas de Chile<\/strong>, 09:00 hora argentina del&nbsp;<strong>d\u00eda 21 de junio de 2023<\/strong>, se procede al cierre de este paso fronterizo\u00bb.<\/p>\n\n\n\n<p>Lo anterior \u00abde forma preventiva por el ingreso de frente de mal tiempo que afectar\u00e1 a la alta monta\u00f1a, con&nbsp;<strong>nevadas<\/strong>,&nbsp;<strong>bajas temperaturas<\/strong>,&nbsp;<strong>generando riesgos en la transitabilidad<\/strong>&nbsp;<strong>segura&nbsp;<\/strong>de esta ruta internacional\u00bb.<\/p>\n\n\n\n<p>De igual manera, desde la&nbsp;<strong>Delegaci\u00f3n Presidencial Provincial de Los Andes<\/strong>&nbsp;se\u00f1alaron que cualquier informaci\u00f3n o actualizaci\u00f3n del estado de la ruta se dar\u00e1 a conocer a trav\u00e9s del&nbsp;<strong>Twitter @UPFronterizos<\/strong>.<\/p>\n\n\n\n<p>A la vez, aseguraron que el cierre se mantendr\u00e1&nbsp;<strong>hasta que las condiciones meteorol\u00f3gicas<\/strong>&nbsp;<strong>mejoren&nbsp;<\/strong>y se asegure el tr\u00e1nsito seguro por el corredor internacional.&nbsp;&nbsp;&nbsp;&nbsp;<\/p>\n","protected":false},"excerpt":{"rendered":"<p>El cierre se mantendr\u00e1 hasta que las condiciones meteorol\u00f3gicas mejoren. La&nbsp;Delegaci\u00f3n Presidencial Provincial de Los Andes&nbsp;anunci\u00f3 el&nbsp;cierre preventivo&nbsp;del&nbsp;Paso Los Libertadores&nbsp;por un frente de mal tiempo que incluir\u00e1 nevadas en la&nbsp;cordillera. A trav\u00e9s de un comunicado de prensa, el organismo indic\u00f3 a los usuarios del&nbsp;Sistema Integrado Cristo Redentor&nbsp;que, por decisi\u00f3n de ambas coordinaciones y en conjunto &hellip;<\/p>\n","protected":false},"author":2,"featured_media":3351,"comment_status":"open","ping_status":"open","sticky":false,"template":"","format":"standard","meta":{"spay_email":""},"categories":[7],"tags":[8],"jetpack_featured_media_url":"https:\/\/lavozdesanesteban.cl\/wp-content\/uploads\/2023\/06\/LOS-LIBERTADORES-1.jpeg","_links":{"self":[{"href":"https:\/\/lavozdesanesteban.cl\/index.php\/wp-json\/wp\/v2\/posts\/3350"}],"collection":[{"href":"https:\/\/lavozdesanesteban.cl\/index.php\/wp-json\/wp\/v2\/posts"}],"about":[{"href":"https:\/\/lavozdesanesteban.cl\/index.php\/wp-json\/wp\/v2\/types\/post"}],"author":[{"embeddable":true,"href":"https:\/\/lavozdesanesteban.cl\/index.php\/wp-json\/wp\/v2\/users\/2"}],"replies":[{"embeddable":true,"href":"https:\/\/lavozdesanesteban.cl\/index.php\/wp-json\/wp\/v2\/comments?post=3350"}],"version-history":[{"count":1,"href":"https:\/\/lavozdesanesteban.cl\/index.php\/wp-json\/wp\/v2\/posts\/3350\/revisions"}],"predecessor-version":[{"id":3352,"href":"https:\/\/lavozdesanesteban.cl\/index.php\/wp-json\/wp\/v2\/posts\/3350\/revisions\/3352"}],"wp:featuredmedia":[{"embeddable":true,"href":"https:\/\/lavozdesanesteban.cl\/index.php\/wp-json\/wp\/v2\/media\/3351"}],"wp:attachment":[{"href":"https:\/\/lavozdesanesteban.cl\/index.php\/wp-json\/wp\/v2\/media?parent=3350"}],"wp:term":[{"taxonomy":"category","embeddable":true,"href":"https:\/\/lavozdesanesteban.cl\/index.php\/wp-json\/wp\/v2\/categories?post=3350"},{"taxonomy":"post_tag","embeddable":true,"href":"https:\/\/lavozdesanesteban.cl\/index.php\/wp-json\/wp\/v2\/tags?post=3350"}],"curies":[{"name":"wp","href":"https:\/\/api.w.org\/{rel}","templated":true}]}}