{"id":3353,"date":"2023-06-21T03:15:26","date_gmt":"2023-06-21T03:15:26","guid":{"rendered":"https:\/\/lavozdesanesteban.cl\/?p=3353"},"modified":"2023-06-21T03:15:30","modified_gmt":"2023-06-21T03:15:30","slug":"el-hito-inaugural-del-quiero-mi-barrio-casco-historico-de-los-andes-tendra-a-la-small-band-como-invitado-principal","status":"publish","type":"post","link":"https:\/\/lavozdesanesteban.cl\/index.php\/2023\/06\/21\/el-hito-inaugural-del-quiero-mi-barrio-casco-historico-de-los-andes-tendra-a-la-small-band-como-invitado-principal\/","title":{"rendered":"El Hito inaugural del Quiero mi barrio Casco Hist\u00f3rico de Los Andes tendr\u00e1 a la Small Band como invitado principal"},"content":{"rendered":"\n<p><\/p>\n\n\n\n<p><em>El jueves 22 a partir de las 16:30 horas, se har\u00e1 un programa art\u00edstico cultural en la Plaza de Armas para dar su inicio oficial a este importante programa de mejoramiento urbano.<\/em><\/p>\n\n\n\n<p>Batucadas, marionetas gigantes, tango y el show de la Small Band del Orfe\u00f3n Nacional de Carabineros de Chile marcar\u00e1n el anuncio que el Programa Quiero Mi Barrio Casco Hist\u00f3rico Oriente est\u00e1 presente en Los Andes, m\u00e1s especialmente en el centro.<\/p>\n\n\n\n<p>Hito Inaugural del Programa Quiero Mi Barrio Casco Hist\u00f3rico Oriente de Los Andes, est\u00e1 pensado para toda la familia. La idea es rememorar las actividades que se hac\u00edan en anta\u00f1o en el principal paseo peatonal de la comuna, por lo cual habr\u00e1 panorama para todos, desde ni\u00f1os a adultos.<\/p>\n\n\n\n<p>&nbsp;La actividad partir\u00e1 con un cuentacuentos para los ni\u00f1os desde las 16:30 horas, en paralelo una batucada y marionetas gigantes generar\u00e1n el ambiente de carnaval, invitando a todos los andinos \/as a participar de este evento que busca rememorar las actividades que se hac\u00edan anteriormente en la plaza.<\/p>\n\n\n\n<p>Tras ello, el tango con participaci\u00f3n de los propios vecinos, dar\u00e1 vida a una jornada del recuerdo, para cerrar con la presentaci\u00f3n de la Small Band del Orfe\u00f3n Nacional de Carabineros de Chile, que montar\u00e1 un gran espect\u00e1culo.<\/p>\n\n\n\n<p>Al respecto el alcalde de Los Andes, Manuel Rivera coment\u00f3 que \u201cmuchos vecinos recuerdan que hace d\u00e9cadas se realizaban conciertos y presentaciones de Carabineros y el Ej\u00e9rcito, por lo cual este carnaval tiene por objetivo demostrar que Programa Quiero Mi Barrio est\u00e1 instalado en el territorio y tambi\u00e9n traer a la actualidad las actividades culturales que anteriormente se realizaban\u201d.<\/p>\n\n\n\n<p>Esta actividad da el vamos a la rearticulaci\u00f3n del tejido social en el damero central, con vecinos altamente activos que est\u00e1n trabajando con el equipo barrial y que est\u00e1n preocupados por su entorno.<\/p>\n\n\n\n<p>Katherine Am\u00e9stica, coordinadora del Programa Quiero Mi Barrio Casco Hist\u00f3rico Oriente de Los Andes coment\u00f3 \u201cpara el equipo el trabajo participativo es vital, por lo que invitamos no s\u00f3lo a los vecinos, sino que, a todos los andinos a disfrutar de este carnaval, ya que el territorio que se interviene. Estos programas son s\u00faper participativos y tambi\u00e9n los hitos de lanzamientos. Nos encontramos culminando fase N\u00b01, donde es el levantamiento de la informaci\u00f3n ya se termin\u00f3, pasando a la fase 2 que es la ejecuci\u00f3n de proyectos.\u201d<\/p>\n\n\n\n<p>Se inform\u00f3 que, debido al anuncio de lluvia, se tiene un plan B, que es la realizaci\u00f3n de la actividad en el gimnasio techado del Liceo Rep\u00fablica Argentina, a la misma hora.<\/p>\n","protected":false},"excerpt":{"rendered":"<p>El jueves 22 a partir de las 16:30 horas, se har\u00e1 un programa art\u00edstico cultural en la Plaza de Armas para dar su inicio oficial a este importante programa de mejoramiento urbano. Batucadas, marionetas gigantes, tango y el show de la Small Band del Orfe\u00f3n Nacional de Carabineros de Chile marcar\u00e1n el anuncio que el &hellip;<\/p>\n","protected":false},"author":2,"featured_media":3354,"comment_status":"open","ping_status":"open","sticky":false,"template":"","format":"standard","meta":{"spay_email":""},"categories":[7],"tags":[8],"jetpack_featured_media_url":"https:\/\/lavozdesanesteban.cl\/wp-content\/uploads\/2023\/06\/INAUGURAL.jpeg","_links":{"self":[{"href":"https:\/\/lavozdesanesteban.cl\/index.php\/wp-json\/wp\/v2\/posts\/3353"}],"collection":[{"href":"https:\/\/lavozdesanesteban.cl\/index.php\/wp-json\/wp\/v2\/posts"}],"about":[{"href":"https:\/\/lavozdesanesteban.cl\/index.php\/wp-json\/wp\/v2\/types\/post"}],"author":[{"embeddable":true,"href":"https:\/\/lavozdesanesteban.cl\/index.php\/wp-json\/wp\/v2\/users\/2"}],"replies":[{"embeddable":true,"href":"https:\/\/lavozdesanesteban.cl\/index.php\/wp-json\/wp\/v2\/comments?post=3353"}],"version-history":[{"count":1,"href":"https:\/\/lavozdesanesteban.cl\/index.php\/wp-json\/wp\/v2\/posts\/3353\/revisions"}],"predecessor-version":[{"id":3355,"href":"https:\/\/lavozdesanesteban.cl\/index.php\/wp-json\/wp\/v2\/posts\/3353\/revisions\/3355"}],"wp:featuredmedia":[{"embeddable":true,"href":"https:\/\/lavozdesanesteban.cl\/index.php\/wp-json\/wp\/v2\/media\/3354"}],"wp:attachment":[{"href":"https:\/\/lavozdesanesteban.cl\/index.php\/wp-json\/wp\/v2\/media?parent=3353"}],"wp:term":[{"taxonomy":"category","embeddable":true,"href":"https:\/\/lavozdesanesteban.cl\/index.php\/wp-json\/wp\/v2\/categories?post=3353"},{"taxonomy":"post_tag","embeddable":true,"href":"https:\/\/lavozdesanesteban.cl\/index.php\/wp-json\/wp\/v2\/tags?post=3353"}],"curies":[{"name":"wp","href":"https:\/\/api.w.org\/{rel}","templated":true}]}}