{"id":3356,"date":"2023-06-21T03:18:12","date_gmt":"2023-06-21T03:18:12","guid":{"rendered":"https:\/\/lavozdesanesteban.cl\/?p=3356"},"modified":"2023-06-21T03:18:12","modified_gmt":"2023-06-21T03:18:12","slug":"escuela-ferroviaria-firma-alianza-con-fepasa-para-potenciar-identidad-y-pertenencia-a-sus-estudiantes","status":"publish","type":"post","link":"https:\/\/lavozdesanesteban.cl\/index.php\/2023\/06\/21\/escuela-ferroviaria-firma-alianza-con-fepasa-para-potenciar-identidad-y-pertenencia-a-sus-estudiantes\/","title":{"rendered":"Escuela Ferroviaria firma alianza con FEPASA para potenciar identidad y pertenencia a sus estudiantes"},"content":{"rendered":"\n<p><\/p>\n\n\n\n<p>En el constante objetivo de ser un canal de formaci\u00f3n val\u00f3rica y otorgar sentido de identidad y pertenencia, la Escuela Ferroviaria de Los Andes desarrolla distintas acciones relacion\u00e1ndose con su entorno y la comunidad. Una de ellas fue la reciente firma de un acuerdo de colaboraci\u00f3n entre el establecimiento de educaci\u00f3n y la empresa Ferrocarril del Pac\u00edfico S.A. \u2013 FEPASA; para en conjunto llevar adelante distintas iniciativas que entreguen conocimiento a los estudiantes, sobre la importancia que reviste el ferrocarril para la historia andina y para la misma escuela.<\/p>\n\n\n\n<p>N\u00e9stor Guajardo, director de la Escuela Ferroviaria de Los Andes, explic\u00f3 que esta alianza se da con la misi\u00f3n de: \u201cafianzar nuestros sellos del proyecto educativo, que tienen que ver con la identidad y pertenencia de nuestra escuela al alero del nacimiento de Ferrocarril Trasandino. Queremos que nuestros ni\u00f1os y j\u00f3venes sientan los valores que forjaron estos trabajadores al momento de desarrollar sus labores. El Ferrocarril forj\u00f3 los cimientos de esta ciudad, por eso su relevancia\u201d.<\/p>\n\n\n\n<p>Empresa y Escuela ya se encuentran en conversaciones para durante el a\u00f1o poder ejecutar alguna actividad en conjunto, y as\u00ed consolidar lazos de mancomuni\u00f3n, en aspectos como por ejemplo seguir potenciando en los estudiantes sobre el autocuidado, el respeto y la prevenci\u00f3n de accidentes, al conocer m\u00e1s de cerca el trabajo y lo que se realiza a diario en FEPASA y sus vagones de carga.<\/p>\n\n\n\n<p>Jos\u00e9 Contreras, jefe de prevenci\u00f3n de riesgos y seguridad de la empresa Ferrocarril del Pac\u00edfico S.A., explic\u00f3 que desde el establecimiento educacional que pertenece a la red de Educaci\u00f3n Municipal se acercaron a la empresa, para establecer sinergia y que se genere el apoyo en diversas actividades, principalmente educativas o de prevenci\u00f3n vial: \u201cpara poder darle la identidad que busca el colegio desde el aspecto ferroviario. Agradecemos la invitaci\u00f3n, teniendo en consideraci\u00f3n que gran parte de los trabajadores de nuestra empresa son de la zona. En lo que podamos apoyar desde el aspecto cultural, preventivo, educacional, lo vamos a hacer\u201d.<\/p>\n","protected":false},"excerpt":{"rendered":"<p>En el constante objetivo de ser un canal de formaci\u00f3n val\u00f3rica y otorgar sentido de identidad y pertenencia, la Escuela Ferroviaria de Los Andes desarrolla distintas acciones relacion\u00e1ndose con su entorno y la comunidad. Una de ellas fue la reciente firma de un acuerdo de colaboraci\u00f3n entre el establecimiento de educaci\u00f3n y la empresa Ferrocarril &hellip;<\/p>\n","protected":false},"author":2,"featured_media":3357,"comment_status":"open","ping_status":"open","sticky":false,"template":"","format":"standard","meta":{"spay_email":""},"categories":[7],"tags":[8],"jetpack_featured_media_url":"https:\/\/lavozdesanesteban.cl\/wp-content\/uploads\/2023\/06\/FEPASA-scaled.jpg","_links":{"self":[{"href":"https:\/\/lavozdesanesteban.cl\/index.php\/wp-json\/wp\/v2\/posts\/3356"}],"collection":[{"href":"https:\/\/lavozdesanesteban.cl\/index.php\/wp-json\/wp\/v2\/posts"}],"about":[{"href":"https:\/\/lavozdesanesteban.cl\/index.php\/wp-json\/wp\/v2\/types\/post"}],"author":[{"embeddable":true,"href":"https:\/\/lavozdesanesteban.cl\/index.php\/wp-json\/wp\/v2\/users\/2"}],"replies":[{"embeddable":true,"href":"https:\/\/lavozdesanesteban.cl\/index.php\/wp-json\/wp\/v2\/comments?post=3356"}],"version-history":[{"count":1,"href":"https:\/\/lavozdesanesteban.cl\/index.php\/wp-json\/wp\/v2\/posts\/3356\/revisions"}],"predecessor-version":[{"id":3358,"href":"https:\/\/lavozdesanesteban.cl\/index.php\/wp-json\/wp\/v2\/posts\/3356\/revisions\/3358"}],"wp:featuredmedia":[{"embeddable":true,"href":"https:\/\/lavozdesanesteban.cl\/index.php\/wp-json\/wp\/v2\/media\/3357"}],"wp:attachment":[{"href":"https:\/\/lavozdesanesteban.cl\/index.php\/wp-json\/wp\/v2\/media?parent=3356"}],"wp:term":[{"taxonomy":"category","embeddable":true,"href":"https:\/\/lavozdesanesteban.cl\/index.php\/wp-json\/wp\/v2\/categories?post=3356"},{"taxonomy":"post_tag","embeddable":true,"href":"https:\/\/lavozdesanesteban.cl\/index.php\/wp-json\/wp\/v2\/tags?post=3356"}],"curies":[{"name":"wp","href":"https:\/\/api.w.org\/{rel}","templated":true}]}}