{"id":3359,"date":"2023-06-21T03:21:16","date_gmt":"2023-06-21T03:21:16","guid":{"rendered":"https:\/\/lavozdesanesteban.cl\/?p=3359"},"modified":"2023-06-21T03:21:18","modified_gmt":"2023-06-21T03:21:18","slug":"mas-de-260-estudiantes-recibiran-la-beca-municipal-san-esteban-de-educacion-superior","status":"publish","type":"post","link":"https:\/\/lavozdesanesteban.cl\/index.php\/2023\/06\/21\/mas-de-260-estudiantes-recibiran-la-beca-municipal-san-esteban-de-educacion-superior\/","title":{"rendered":"M\u00e1s de 260 estudiantes recibir\u00e1n la Beca Municipal San Esteban de Educaci\u00f3n Superior"},"content":{"rendered":"\n<p><\/p>\n\n\n\n<ul><li>El compromiso de la gesti\u00f3n municipal es aumentar progresivamente el n\u00famero de beneficiarios a\u00f1o a a\u00f1o.<\/li><\/ul>\n\n\n\n<p>M\u00e1s de 260 estudiantes recibir\u00e1n la Beca Municipal San Esteban de Educaci\u00f3n Superior. As\u00ed fue informado por el Director de Desarrollo Comunitario, Exequiel Vald\u00e9s, quien manifest\u00f3 que se trat\u00f3 de un proceso que inici\u00f3 en marzo, con las postulaciones v\u00eda online, y que se cierran con un aumento importante respecto a los beneficiados del a\u00f1o anterior.<\/p>\n\n\n\n<p>En ese sentido, el directivo indic\u00f3 que se trata de un aporte econ\u00f3mico \u2013 en una cuota \u00fanica anual \u2013 que se otorga a estudiantes de la comuna que cursen alguna carrera en universidades o institutos profesionales (tanto a nivel provincial, regional o nacional).<\/p>\n\n\n\n<p>Tal como ha ocurrido durante los \u00faltimos dos a\u00f1os, este proceso se realiz\u00f3 complemente online, para evitar que los interesados debiesen trasladarse hasta dependencias municipales.<\/p>\n\n\n\n<p>\u201cEstamos muy contentos por la convocatoria 2023 de la Beca San Esteban, porque pudimos sumar a m\u00e1s de 260 estudiantes, quienes pudieron participar del proceso de manera online. Una de las prioridades de la administraci\u00f3n del Alcalde Ortega es ir aumentando a\u00f1o a a\u00f1o el n\u00famero de beneficiarios para que m\u00e1s familias puedan recibir este apoyo econ\u00f3mico\u201d, afirm\u00f3.<\/p>\n\n\n\n<p>Respecto a los procesos en que se encuentran actualmente, Vald\u00e9s afirm\u00f3 que \u201cestamos tomando contacto con los beneficiarios para saber si quieren que se les haga entrega de estos recursos a trav\u00e9s de un cheque o dep\u00f3sito\u201d, recalc\u00f3.<\/p>\n\n\n\n<p>En las redes sociales del municipio de San Esteban, tanto en twitter, instagram y Facebook, est\u00e1n disponibles los listados con los beneficiarios. <a><\/a><\/p>\n","protected":false},"excerpt":{"rendered":"<p>El compromiso de la gesti\u00f3n municipal es aumentar progresivamente el n\u00famero de beneficiarios a\u00f1o a a\u00f1o. M\u00e1s de 260 estudiantes recibir\u00e1n la Beca Municipal San Esteban de Educaci\u00f3n Superior. As\u00ed fue informado por el Director de Desarrollo Comunitario, Exequiel Vald\u00e9s, quien manifest\u00f3 que se trat\u00f3 de un proceso que inici\u00f3 en marzo, con las postulaciones &hellip;<\/p>\n","protected":false},"author":2,"featured_media":3360,"comment_status":"open","ping_status":"open","sticky":false,"template":"","format":"standard","meta":{"spay_email":""},"categories":[2],"tags":[8],"jetpack_featured_media_url":"https:\/\/lavozdesanesteban.cl\/wp-content\/uploads\/2023\/06\/beca-educacion-superior.jpg","_links":{"self":[{"href":"https:\/\/lavozdesanesteban.cl\/index.php\/wp-json\/wp\/v2\/posts\/3359"}],"collection":[{"href":"https:\/\/lavozdesanesteban.cl\/index.php\/wp-json\/wp\/v2\/posts"}],"about":[{"href":"https:\/\/lavozdesanesteban.cl\/index.php\/wp-json\/wp\/v2\/types\/post"}],"author":[{"embeddable":true,"href":"https:\/\/lavozdesanesteban.cl\/index.php\/wp-json\/wp\/v2\/users\/2"}],"replies":[{"embeddable":true,"href":"https:\/\/lavozdesanesteban.cl\/index.php\/wp-json\/wp\/v2\/comments?post=3359"}],"version-history":[{"count":1,"href":"https:\/\/lavozdesanesteban.cl\/index.php\/wp-json\/wp\/v2\/posts\/3359\/revisions"}],"predecessor-version":[{"id":3361,"href":"https:\/\/lavozdesanesteban.cl\/index.php\/wp-json\/wp\/v2\/posts\/3359\/revisions\/3361"}],"wp:featuredmedia":[{"embeddable":true,"href":"https:\/\/lavozdesanesteban.cl\/index.php\/wp-json\/wp\/v2\/media\/3360"}],"wp:attachment":[{"href":"https:\/\/lavozdesanesteban.cl\/index.php\/wp-json\/wp\/v2\/media?parent=3359"}],"wp:term":[{"taxonomy":"category","embeddable":true,"href":"https:\/\/lavozdesanesteban.cl\/index.php\/wp-json\/wp\/v2\/categories?post=3359"},{"taxonomy":"post_tag","embeddable":true,"href":"https:\/\/lavozdesanesteban.cl\/index.php\/wp-json\/wp\/v2\/tags?post=3359"}],"curies":[{"name":"wp","href":"https:\/\/api.w.org\/{rel}","templated":true}]}}