{"id":3373,"date":"2023-06-23T03:47:58","date_gmt":"2023-06-23T03:47:58","guid":{"rendered":"https:\/\/lavozdesanesteban.cl\/?p=3373"},"modified":"2023-06-23T03:48:01","modified_gmt":"2023-06-23T03:48:01","slug":"policia-de-investigaciones-celebro-su-aniversario-no90-con-saludo-de-la-escuela-ignacio-carrera-pinto","status":"publish","type":"post","link":"https:\/\/lavozdesanesteban.cl\/index.php\/2023\/06\/23\/policia-de-investigaciones-celebro-su-aniversario-no90-con-saludo-de-la-escuela-ignacio-carrera-pinto\/","title":{"rendered":"Polic\u00eda de Investigaciones celebr\u00f3 su aniversario n\u00ba90 con saludo de la Escuela Ignacio Carrera Pinto"},"content":{"rendered":"\n<p><\/p>\n\n\n\n<p>El 19 de junio se cumplieron 90 a\u00f1os desde que se fund\u00f3 la Polic\u00eda de Investigaciones, oportunidad en que la comunidad andina salud\u00f3 a los integrantes de la PDI en la Prefectura Aconcagua, donde la Escuela Ignacio Carrera Pinto se hizo presente en la jornada junto con la Banda Comunal Estudiantil de Los Andes. Luego, la escuela ubicada en el Barrio La Concepci\u00f3n, invit\u00f3 a los polic\u00edas al establecimiento para junto a la comunidad educativa rendir un homenaje, a trav\u00e9s de distintas manifestaciones art\u00edsticas y rese\u00f1as hist\u00f3ricas.<\/p>\n\n\n\n<p>Marisol G\u00e1lvez, directora de la Escuela Ignacio Carrera Pinto, destac\u00f3 que en 2023 se cumplen ya 15 a\u00f1os desde que la unidad educativa trabaja en sinergia con la PDI. Esta idea vino de una situaci\u00f3n familiar de la directora: \u201cmi pap\u00e1 form\u00f3 parte de Investigaciones, funcionario jubilado en ese entonces. Cuando firmamos la alianza, fue en homenaje a \u00e9l, y as\u00ed acercar el trabajo que ellos hacen hacia la comunidad. Queremos que sientan que en Los Andes tienen un lugar especial, y sobre todo en la Escuela Ignacio Carrera Pinto \u201d.<\/p>\n\n\n\n<p>Charlas y otras actividades pedag\u00f3gicas han sido parte de esta uni\u00f3n, por lo que en esta oportunidad nuevamente la comunidad educativa sorprendi\u00f3 a la delegaci\u00f3n que asisti\u00f3 a la escuela para ser parte del acto que cont\u00f3 con bellas y preparas presentaciones de los estudiantes, apoyados por los profesores.<\/p>\n\n\n\n<p>Luego de la actividad el Prefecto Marco Le\u00f3n, jefe de la Prefectura Provincial de Los Andes, dijo: \u201ces muy grato porque de alguna manera sentimos que estamos haciendo bien el trabajo y lo hacemos para ustedes, para los ni\u00f1os. Esperamos que sea el fiel reflejo de lo que ellos pueden ser cuando grandes, de personas que hacen el bien a sus amigos, a sus compa\u00f1eros, con la familia, realmente nos sentimos orgullosos de esto y nosotros felices de siempre ayudarlos y apoyarlos\u201d.<\/p>\n\n\n\n<p>Carlos Riquelme, alumno de octavo a\u00f1o, destaca la presencia de la PDI en la unidad educativa: \u201chan venido varias veces a la escuela a dar charlas sobre delitos y cosas que pueden estar pasando y c\u00f3mo detenerlas, siempre interact\u00faan con nosotros. Un saludo de parte de toda la escuela a la PDI\u201d.<\/p>\n","protected":false},"excerpt":{"rendered":"<p>El 19 de junio se cumplieron 90 a\u00f1os desde que se fund\u00f3 la Polic\u00eda de Investigaciones, oportunidad en que la comunidad andina salud\u00f3 a los integrantes de la PDI en la Prefectura Aconcagua, donde la Escuela Ignacio Carrera Pinto se hizo presente en la jornada junto con la Banda Comunal Estudiantil de Los Andes. Luego, &hellip;<\/p>\n","protected":false},"author":2,"featured_media":3374,"comment_status":"open","ping_status":"open","sticky":false,"template":"","format":"standard","meta":{"spay_email":""},"categories":[7],"tags":[8],"jetpack_featured_media_url":"https:\/\/lavozdesanesteban.cl\/wp-content\/uploads\/2023\/06\/PDI-ICP-2.jpg","_links":{"self":[{"href":"https:\/\/lavozdesanesteban.cl\/index.php\/wp-json\/wp\/v2\/posts\/3373"}],"collection":[{"href":"https:\/\/lavozdesanesteban.cl\/index.php\/wp-json\/wp\/v2\/posts"}],"about":[{"href":"https:\/\/lavozdesanesteban.cl\/index.php\/wp-json\/wp\/v2\/types\/post"}],"author":[{"embeddable":true,"href":"https:\/\/lavozdesanesteban.cl\/index.php\/wp-json\/wp\/v2\/users\/2"}],"replies":[{"embeddable":true,"href":"https:\/\/lavozdesanesteban.cl\/index.php\/wp-json\/wp\/v2\/comments?post=3373"}],"version-history":[{"count":1,"href":"https:\/\/lavozdesanesteban.cl\/index.php\/wp-json\/wp\/v2\/posts\/3373\/revisions"}],"predecessor-version":[{"id":3375,"href":"https:\/\/lavozdesanesteban.cl\/index.php\/wp-json\/wp\/v2\/posts\/3373\/revisions\/3375"}],"wp:featuredmedia":[{"embeddable":true,"href":"https:\/\/lavozdesanesteban.cl\/index.php\/wp-json\/wp\/v2\/media\/3374"}],"wp:attachment":[{"href":"https:\/\/lavozdesanesteban.cl\/index.php\/wp-json\/wp\/v2\/media?parent=3373"}],"wp:term":[{"taxonomy":"category","embeddable":true,"href":"https:\/\/lavozdesanesteban.cl\/index.php\/wp-json\/wp\/v2\/categories?post=3373"},{"taxonomy":"post_tag","embeddable":true,"href":"https:\/\/lavozdesanesteban.cl\/index.php\/wp-json\/wp\/v2\/tags?post=3373"}],"curies":[{"name":"wp","href":"https:\/\/api.w.org\/{rel}","templated":true}]}}