{"id":3376,"date":"2023-06-23T03:50:19","date_gmt":"2023-06-23T03:50:19","guid":{"rendered":"https:\/\/lavozdesanesteban.cl\/?p=3376"},"modified":"2023-06-23T03:50:22","modified_gmt":"2023-06-23T03:50:22","slug":"liceo-republica-argentina-celebra-130-anos-de-vida-con-la-implementacion-del-modelo-pionero-de-ensenanza","status":"publish","type":"post","link":"https:\/\/lavozdesanesteban.cl\/index.php\/2023\/06\/23\/liceo-republica-argentina-celebra-130-anos-de-vida-con-la-implementacion-del-modelo-pionero-de-ensenanza\/","title":{"rendered":"Liceo Rep\u00fablica Argentina celebra 130 a\u00f1os de vida con la implementaci\u00f3n del Modelo Pionero de ense\u00f1anza"},"content":{"rendered":"\n<p><\/p>\n\n\n\n<p>En su remozado gimnasio y presentando la alianza educativa con el Modelo Pionero de Anglo American, la comunidad educativa del Liceo Rep\u00fablica Argentina celebr\u00f3 130 a\u00f1os dedicados a la ense\u00f1anza de ni\u00f1os y j\u00f3venes, tanto de Los Andes como del Valle de Aconcagua.<\/p>\n\n\n\n<p>Los asistentes a la actividad pudieron repasar en discursos e im\u00e1genes la rica historia del establecimiento educacional andino, liceo que en su larga trayectoria ha sufrido diversos procesos de cambios desde su fundaci\u00f3n, cuando por decreto nace como Escuela Mixta N\u00ba4 en el sector de Coquimbito.<\/p>\n\n\n\n<p>Presente en la ceremonia de celebraci\u00f3n, el alcalde Manuel Rivera agradeci\u00f3 a la comunidad educativa: \u201choy d\u00eda nos llena de satisfacci\u00f3n vivir un momento trascendente. A prop\u00f3sito de la alianza p\u00fablica-privada del Modelo Pionero, egres\u00f3 el Liceo Am\u00e9rica, hemos incorporado otros establecimientos como El Sauce, Liceo Amancay y Escuela R\u00edo Blanco, pero particularmente el Liceo Rep\u00fablica Argentina para consolidar su plan educativo. Estoy orgulloso y sobre todo agradecido de la motivaci\u00f3n que hay de toda la comunidad\u201d. &nbsp;<\/p>\n\n\n\n<p>La directora del establecimiento que hoy se ubica en calle Independencia, Yenny Arroyo, dijo: \u201chemos sufrido harto, pero&nbsp; estamos con todas las ganas de seguir adelante, se vienen cosas muy buenas y muy interesantes\u201d. Mar\u00eda Soledad Reinoso, directora del Departamento Municipal de Educaci\u00f3n, agreg\u00f3: \u201cmuy contenta por este nuevo aniversario, pero fundamentalmente por la mirada, la propuesta que tiene esta comunidad de seguir avanzando, de seguir creciendo, de ser cada d\u00eda mejor, de generar un nuevo proyecto en su trabajo. A trav\u00e9s de esta interacci\u00f3n con Modelo Pionero seguiremos potenci\u00e1ndolo, aqu\u00ed no se cambia la l\u00ednea del liceo, sino que se potencia lo que el liceo quiere ser\u201d.<\/p>\n\n\n\n<p>La ceremonia tuvo espacio para el reconocimientos a docentes y trabajadores del liceo por su trayectoria en el establecimiento. Tambi\u00e9n hubo presentaciones art\u00edsticas con m\u00fasica en vivo protagonizada por los estudiantes. Uno de los momentos m\u00e1s emotivos fue la interpretaci\u00f3n de la canci\u00f3n \u201cMira Ni\u00f1ita\u201d de Los Jaivas. David Carvacho, alumno de sexto b\u00e1sico que se llen\u00f3 de aplausos por su talento vocal, dijo: \u201cme sent\u00ed algo nervioso, porque estaban mis compa\u00f1eros y los ni\u00f1os de otros cursos. Un saludo a mis compa\u00f1eros y a todos los del colegio, porque este d\u00eda el liceo est\u00e1 cumpliendo a\u00f1os y todos cumplimos a\u00f1os junto a \u00e9l\u201d.<\/p>\n","protected":false},"excerpt":{"rendered":"<p>En su remozado gimnasio y presentando la alianza educativa con el Modelo Pionero de Anglo American, la comunidad educativa del Liceo Rep\u00fablica Argentina celebr\u00f3 130 a\u00f1os dedicados a la ense\u00f1anza de ni\u00f1os y j\u00f3venes, tanto de Los Andes como del Valle de Aconcagua. Los asistentes a la actividad pudieron repasar en discursos e im\u00e1genes la &hellip;<\/p>\n","protected":false},"author":2,"featured_media":3377,"comment_status":"open","ping_status":"open","sticky":false,"template":"","format":"standard","meta":{"spay_email":""},"categories":[7],"tags":[8],"jetpack_featured_media_url":"https:\/\/lavozdesanesteban.cl\/wp-content\/uploads\/2023\/06\/LRA2.jpg","_links":{"self":[{"href":"https:\/\/lavozdesanesteban.cl\/index.php\/wp-json\/wp\/v2\/posts\/3376"}],"collection":[{"href":"https:\/\/lavozdesanesteban.cl\/index.php\/wp-json\/wp\/v2\/posts"}],"about":[{"href":"https:\/\/lavozdesanesteban.cl\/index.php\/wp-json\/wp\/v2\/types\/post"}],"author":[{"embeddable":true,"href":"https:\/\/lavozdesanesteban.cl\/index.php\/wp-json\/wp\/v2\/users\/2"}],"replies":[{"embeddable":true,"href":"https:\/\/lavozdesanesteban.cl\/index.php\/wp-json\/wp\/v2\/comments?post=3376"}],"version-history":[{"count":1,"href":"https:\/\/lavozdesanesteban.cl\/index.php\/wp-json\/wp\/v2\/posts\/3376\/revisions"}],"predecessor-version":[{"id":3378,"href":"https:\/\/lavozdesanesteban.cl\/index.php\/wp-json\/wp\/v2\/posts\/3376\/revisions\/3378"}],"wp:featuredmedia":[{"embeddable":true,"href":"https:\/\/lavozdesanesteban.cl\/index.php\/wp-json\/wp\/v2\/media\/3377"}],"wp:attachment":[{"href":"https:\/\/lavozdesanesteban.cl\/index.php\/wp-json\/wp\/v2\/media?parent=3376"}],"wp:term":[{"taxonomy":"category","embeddable":true,"href":"https:\/\/lavozdesanesteban.cl\/index.php\/wp-json\/wp\/v2\/categories?post=3376"},{"taxonomy":"post_tag","embeddable":true,"href":"https:\/\/lavozdesanesteban.cl\/index.php\/wp-json\/wp\/v2\/tags?post=3376"}],"curies":[{"name":"wp","href":"https:\/\/api.w.org\/{rel}","templated":true}]}}