{"id":3379,"date":"2023-06-23T03:54:03","date_gmt":"2023-06-23T03:54:03","guid":{"rendered":"https:\/\/lavozdesanesteban.cl\/?p=3379"},"modified":"2023-06-23T03:54:07","modified_gmt":"2023-06-23T03:54:07","slug":"mas-de-70-actividades-tendra-la-celebracion-del-mes-aniversario-232-de-los-andes","status":"publish","type":"post","link":"https:\/\/lavozdesanesteban.cl\/index.php\/2023\/06\/23\/mas-de-70-actividades-tendra-la-celebracion-del-mes-aniversario-232-de-los-andes\/","title":{"rendered":"M\u00e1s de 70 actividades tendr\u00e1 la celebraci\u00f3n del mes aniversario 232 de Los Andes"},"content":{"rendered":"\n<p><\/p>\n\n\n\n<p><em>Desde el 01 al 31 de julio, la Municipalidad de Los Andes, ha preparado un nutrido programa de actividades que incluye danza, cultura, deporte y un sinn\u00famero de tradicionales ceremonias como Andinos Destacados, tedeum y desfile.<\/em><\/p>\n\n\n\n<p>Luego de ir retomando paulatinamente la realizaci\u00f3n del mes aniversario, este a\u00f1o, se viene con todo la celebraci\u00f3n de los 232 a\u00f1os de la fundaci\u00f3n de la ciudad de Los Andes. Por ello, los equipos municipales a cargo de la producci\u00f3n, han anunciado el calendario para este 2023 que incorpora m\u00e1s de 70 actividades, 20 de ellas de car\u00e1cter deportivo y una decena de actividades culturales.<\/p>\n\n\n\n<p>Todo inicia con la realizaci\u00f3n del partido internacional de Voleibol Femenino que tendr\u00e1 como protagonistas a las selecciones nacionales de Chile y Nueva Zelanda a realizarse el s\u00e1bado 01 de julio en el Gimnasio del Liceo Mixto.<\/p>\n\n\n\n<p>El alcalde Manuel Rivera dijo que \u201cestamos motivados para esta celebraci\u00f3n, muy especial para andinos y andinos, 70 actividades que est\u00e1n pensadas para toda la familia en distintos \u00e1mbitos de acci\u00f3n comenzando con la actividad deportiva m\u00e1s importante. Ser\u00e1n m\u00e1s de 20 actividades deportivas, que incluye tenis, voleibol, mountain bike, caza y pesca, y p\u00e1del, f\u00fatbol, gimnasia art\u00edstica. Una decena de actividades culturales destacando el Festival Nacional de Danza, Festival de la Voces Andinas, Gala L\u00edrica y Gala BAFOCLA. Queremos que toda la comunidad andina nos acompa\u00f1e en esta tremenda celebraci\u00f3n, son actividades gratuitas y resguardadas para la comodidad de los vecinos\/as\u201d.<\/p>\n\n\n\n<p>Guido Contuliano, director ejecutivo de la Corporaci\u00f3n de Deporte de Los Andes enfatiz\u00f3 \u201cque son actividades de alto impacto como es tener a la selecci\u00f3n nacional de voleibol femenino refuerza la reciente creada Asociaci\u00f3n de Voleibol de Los Andes. Tambi\u00e9n habr\u00e1 p\u00e1del con un campeonato de tres d\u00edas a fines de mes para esta disciplina que tiene tantos adeptos, ha tomado con tanta fuerza muestra de gimnasia artistita y cheerleaders con el prop\u00f3sito de resaltar el desarrollo del deporte en la comuna\u201d.<\/p>\n\n\n\n<p>Mientras que Sergio Salazar, director de Desarrollo Comunitario se\u00f1al\u00f3 que \u201cel mes aniversario es una tradici\u00f3n y va repetir muchas actividades que han sido exitosas y que se consolidan durante esta \u00e9poca del a\u00f1o, tendremos Gala L\u00edrica, Festival Voces Andinas, Gala BAFOCLA, adem\u00e1s, conscientes de la importancia de las personas mayores volver\u00e1n los malones que congregan a gran cantidad de personas que disfrutan de estas actividades\u201d.<\/p>\n","protected":false},"excerpt":{"rendered":"<p>Desde el 01 al 31 de julio, la Municipalidad de Los Andes, ha preparado un nutrido programa de actividades que incluye danza, cultura, deporte y un sinn\u00famero de tradicionales ceremonias como Andinos Destacados, tedeum y desfile. Luego de ir retomando paulatinamente la realizaci\u00f3n del mes aniversario, este a\u00f1o, se viene con todo la celebraci\u00f3n de &hellip;<\/p>\n","protected":false},"author":2,"featured_media":3380,"comment_status":"open","ping_status":"open","sticky":false,"template":"","format":"standard","meta":{"spay_email":""},"categories":[7],"tags":[8],"jetpack_featured_media_url":"https:\/\/lavozdesanesteban.cl\/wp-content\/uploads\/2023\/06\/mes-aniversario-1.jpg","_links":{"self":[{"href":"https:\/\/lavozdesanesteban.cl\/index.php\/wp-json\/wp\/v2\/posts\/3379"}],"collection":[{"href":"https:\/\/lavozdesanesteban.cl\/index.php\/wp-json\/wp\/v2\/posts"}],"about":[{"href":"https:\/\/lavozdesanesteban.cl\/index.php\/wp-json\/wp\/v2\/types\/post"}],"author":[{"embeddable":true,"href":"https:\/\/lavozdesanesteban.cl\/index.php\/wp-json\/wp\/v2\/users\/2"}],"replies":[{"embeddable":true,"href":"https:\/\/lavozdesanesteban.cl\/index.php\/wp-json\/wp\/v2\/comments?post=3379"}],"version-history":[{"count":1,"href":"https:\/\/lavozdesanesteban.cl\/index.php\/wp-json\/wp\/v2\/posts\/3379\/revisions"}],"predecessor-version":[{"id":3381,"href":"https:\/\/lavozdesanesteban.cl\/index.php\/wp-json\/wp\/v2\/posts\/3379\/revisions\/3381"}],"wp:featuredmedia":[{"embeddable":true,"href":"https:\/\/lavozdesanesteban.cl\/index.php\/wp-json\/wp\/v2\/media\/3380"}],"wp:attachment":[{"href":"https:\/\/lavozdesanesteban.cl\/index.php\/wp-json\/wp\/v2\/media?parent=3379"}],"wp:term":[{"taxonomy":"category","embeddable":true,"href":"https:\/\/lavozdesanesteban.cl\/index.php\/wp-json\/wp\/v2\/categories?post=3379"},{"taxonomy":"post_tag","embeddable":true,"href":"https:\/\/lavozdesanesteban.cl\/index.php\/wp-json\/wp\/v2\/tags?post=3379"}],"curies":[{"name":"wp","href":"https:\/\/api.w.org\/{rel}","templated":true}]}}