{"id":3382,"date":"2023-06-23T03:57:21","date_gmt":"2023-06-23T03:57:21","guid":{"rendered":"https:\/\/lavozdesanesteban.cl\/?p=3382"},"modified":"2023-06-23T03:57:25","modified_gmt":"2023-06-23T03:57:25","slug":"en-conmemoracion-de-los-dias-del-medioambiente-y-de-los-pueblos-originarios-san-esteban-realizo-exitoso-pasacalle-escolar-por-la-comuna","status":"publish","type":"post","link":"https:\/\/lavozdesanesteban.cl\/index.php\/2023\/06\/23\/en-conmemoracion-de-los-dias-del-medioambiente-y-de-los-pueblos-originarios-san-esteban-realizo-exitoso-pasacalle-escolar-por-la-comuna\/","title":{"rendered":"En conmemoraci\u00f3n de los d\u00edas del Medioambiente y de los pueblos originarios, San Esteban realiz\u00f3 exitoso pasacalle escolar por la comuna"},"content":{"rendered":"\n<p><\/p>\n\n\n\n<ul><li>Innovadora iniciativa favoreci\u00f3 la promoci\u00f3n sobre la conciencia ambiental.<\/li><\/ul>\n\n\n\n<p>Con gran \u00e9xito se desarroll\u00f3 el primer Desfile Medioambiental Escolar de San Esteban, evento pionero en la comuna reuni\u00f3 a estudiantes, padres, directores y educadores para conmemorar dos fechas importantes: el d\u00eda del medioambiente y el d\u00eda de los pueblos originarios, para destacar la importancia de cuidar y preservar nuestro entorno natural y dar homenaje a los pueblos originarios.<\/p>\n\n\n\n<p>Esta actividad, organizada por el Departamento de Educaci\u00f3n Municipal de San Esteban, a trav\u00e9s de sus redes de ciencias y artes, y con la colaboraci\u00f3n de la Oficina municipal de Medioambiente, tuvo como objetivo fomentar la educaci\u00f3n medioambiental en las diferentes edades de los alumnos.<\/p>\n\n\n\n<p>El evento inici\u00f3 con un colorido recorrido, que cont\u00f3 con la participaci\u00f3n de estudiantes disfrazados realizados con materiales reciclables, que inici\u00f3 en Avenida 26 de Diciembre arribando a la plaza de Armas de la comuna, donde se congregaron para dar inicio a la respectiva ceremonia.<\/p>\n\n\n\n<p>Durante esta instancia, se reconocieron a todas las escuelas por su participaci\u00f3n. Adem\u00e1s, se hizo un peque\u00f1o ritual por parte de la comunidad de pueblos originarios <em>Pakcha<\/em> de Calle Larga para la comuna. Posteriormente, &nbsp;finaliz\u00f3 con la firma de un compromiso por continuar fortaleciendo la educaci\u00f3n ambiental y la protecci\u00f3n del entorno, instancia en la que particip\u00f3 &nbsp;el Director de Desarrollo Comunitario, Exequiel Vald\u00e9s, los directores, profesores de ciencias y entidades.<\/p>\n\n\n\n<p>En ese sentido, el director de Desarrollo Comunitario (DIDECO), Exequiel Vald\u00e9s, se\u00f1al\u00f3 que \u201cestamos muy contentos de lo que se produjo en la comuna de San Esteban, todas las comunidades educativas participaron y vinieron a visibilizar el cuidado del medioambiente, el cuidado del agua, el reciclaje, una verdadera fiesta del medioambiente. Nos alegra que los estudiantes de diferentes cursos conocen la importancia del cuidado del medioambiente. Felicitamos a los equipos del DAEM y del municipio que trabajaron en esto, como tambi\u00e9n agradecer a las organizaciones civiles que tambi\u00e9n nos acompa\u00f1aron, ayud\u00e1ndonos a difundir el cuidado del medioambiente\u201d.<\/p>\n\n\n\n<p>Por su parte, la encargada comunal de la red de ciencias, Elsa Ojeda, tambi\u00e9n se refiri\u00f3 ante el \u00e9xito de este trabajo en conjunto, se\u00f1alando que \u201cEste ha sido un esfuerzo entre muchos actores, principalmente la Municipalidad con su oficina de medioambiente, el Departamento de Educaci\u00f3n Municipal con la red de ciencias y la de artes. Fue una gran fiesta de culminaci\u00f3n de las distintas efem\u00e9rides que se conmemoran en junio, relacionadas con el medioambiente, como puede ser el d\u00eda del oc\u00e9ano, el d\u00eda del \u00e1rbol y el d\u00eda del medioambiente, el cual se desarroll\u00f3 con esta tremenda fiesta masiva, con estudiantes disfrazados, con mucha alegr\u00eda\u201d, expres\u00f3 la profesional.<\/p>\n","protected":false},"excerpt":{"rendered":"<p>Innovadora iniciativa favoreci\u00f3 la promoci\u00f3n sobre la conciencia ambiental. Con gran \u00e9xito se desarroll\u00f3 el primer Desfile Medioambiental Escolar de San Esteban, evento pionero en la comuna reuni\u00f3 a estudiantes, padres, directores y educadores para conmemorar dos fechas importantes: el d\u00eda del medioambiente y el d\u00eda de los pueblos originarios, para destacar la importancia de &hellip;<\/p>\n","protected":false},"author":2,"featured_media":3383,"comment_status":"open","ping_status":"open","sticky":false,"template":"","format":"standard","meta":{"spay_email":""},"categories":[2],"tags":[8],"jetpack_featured_media_url":"https:\/\/lavozdesanesteban.cl\/wp-content\/uploads\/2023\/06\/pascalle-medio-ambeintal-1.jpeg","_links":{"self":[{"href":"https:\/\/lavozdesanesteban.cl\/index.php\/wp-json\/wp\/v2\/posts\/3382"}],"collection":[{"href":"https:\/\/lavozdesanesteban.cl\/index.php\/wp-json\/wp\/v2\/posts"}],"about":[{"href":"https:\/\/lavozdesanesteban.cl\/index.php\/wp-json\/wp\/v2\/types\/post"}],"author":[{"embeddable":true,"href":"https:\/\/lavozdesanesteban.cl\/index.php\/wp-json\/wp\/v2\/users\/2"}],"replies":[{"embeddable":true,"href":"https:\/\/lavozdesanesteban.cl\/index.php\/wp-json\/wp\/v2\/comments?post=3382"}],"version-history":[{"count":1,"href":"https:\/\/lavozdesanesteban.cl\/index.php\/wp-json\/wp\/v2\/posts\/3382\/revisions"}],"predecessor-version":[{"id":3384,"href":"https:\/\/lavozdesanesteban.cl\/index.php\/wp-json\/wp\/v2\/posts\/3382\/revisions\/3384"}],"wp:featuredmedia":[{"embeddable":true,"href":"https:\/\/lavozdesanesteban.cl\/index.php\/wp-json\/wp\/v2\/media\/3383"}],"wp:attachment":[{"href":"https:\/\/lavozdesanesteban.cl\/index.php\/wp-json\/wp\/v2\/media?parent=3382"}],"wp:term":[{"taxonomy":"category","embeddable":true,"href":"https:\/\/lavozdesanesteban.cl\/index.php\/wp-json\/wp\/v2\/categories?post=3382"},{"taxonomy":"post_tag","embeddable":true,"href":"https:\/\/lavozdesanesteban.cl\/index.php\/wp-json\/wp\/v2\/tags?post=3382"}],"curies":[{"name":"wp","href":"https:\/\/api.w.org\/{rel}","templated":true}]}}