{"id":3386,"date":"2023-06-29T03:15:27","date_gmt":"2023-06-29T03:15:27","guid":{"rendered":"https:\/\/lavozdesanesteban.cl\/?p=3386"},"modified":"2023-06-29T03:15:31","modified_gmt":"2023-06-29T03:15:31","slug":"esval-avanza-en-proyectos-de-37-millones-de-dolares-para-ampliar-autonomia-en-sistema-productivo-de-los-andes","status":"publish","type":"post","link":"https:\/\/lavozdesanesteban.cl\/index.php\/2023\/06\/29\/esval-avanza-en-proyectos-de-37-millones-de-dolares-para-ampliar-autonomia-en-sistema-productivo-de-los-andes\/","title":{"rendered":"Esval avanza en proyectos de 3,7 millones de d\u00f3lares para ampliar autonom\u00eda en sistema productivo de Los Andes"},"content":{"rendered":"\n<p><\/p>\n\n\n\n<p><em>\u2022&nbsp;&nbsp;&nbsp;&nbsp;&nbsp;&nbsp;&nbsp;&nbsp;&nbsp;&nbsp;&nbsp;&nbsp; Sanitaria trabaja desde enero en proyecto que permitir\u00e1 sumar progresivamente m\u00e1s horas de respaldo: 18 horas a fines de 2023 y 48 horas el 2024.<\/em><\/p>\n\n\n\n<p><strong>Los Andes, 28 de junio de 2023.<\/strong> Ya superada la emergencia por el temporal que afect\u00f3 a la zona centro-sur del pa\u00eds, Esval hizo un balance y adelant\u00f3 los pasos a seguir.<\/p>\n\n\n\n<p>\u201cLamentamos este corte que afect\u00f3 a nuestros vecinos en Los Andes, Curim\u00f3n y parte de Calle Larga. Enfrentamos una situaci\u00f3n de fuerza mayor: el cauce del r\u00edo Aconcagua, a la altura de Chacabuquito, pas\u00f3 de alrededor de 6.000 millones de litros por segundo a m\u00e1s de 411.000 millones de l\/s, lo que representa un aumento del 6.750%. En tanto, la turbiedad tuvo un peak de 54.000 NTU (unidades de turbiedad) en r\u00edo, en circunstancias de que nuestra planta de producci\u00f3n El Sauce s\u00f3lo puede tratar hasta 1.000 NTU\u201d, dijo el gerente regional de la sanitaria, Alejandro Salas.<\/p>\n\n\n\n<p>Durante la emergencia, se recurri\u00f3 a los estanques de respaldo puestos en operaci\u00f3n por la sanitaria el 2017 -en acuerdo con la autoridad- para sostener por 12 horas la continuidad del servicio de agua potable en la comuna. Esta infraestructura, de m\u00e1s de 1,5 millones de d\u00f3lares, sumada al uso de una bater\u00eda de pozos y maniobras operacionales, permiti\u00f3 postergar por cerca de 20 horas el corte durante el temporal. \u201cEste tipo de eventos de fuerza mayor, nos desaf\u00edan a seguir reforzando la resiliencia de nuestros sistemas y as\u00ed lo hemos hecho en a\u00f1os pasados, incorporando incluso fuentes subterr\u00e1neas, algo que no es f\u00e1cil dada la sequ\u00eda que nos afecta\u201d, afirm\u00f3.<\/p>\n\n\n\n<figure class=\"wp-block-gallery columns-1 is-cropped\"><ul class=\"blocks-gallery-grid\"><li class=\"blocks-gallery-item\"><figure><img loading=\"lazy\" width=\"1024\" height=\"683\" src=\"https:\/\/lavozdesanesteban.cl\/wp-content\/uploads\/2023\/06\/PLANTA-EL-SAUCE-01-1024x683.jpg\" alt=\"\" data-id=\"3387\" data-full-url=\"https:\/\/lavozdesanesteban.cl\/wp-content\/uploads\/2023\/06\/PLANTA-EL-SAUCE-01-scaled.jpg\" data-link=\"https:\/\/lavozdesanesteban.cl\/?attachment_id=3387\" class=\"wp-image-3387\" srcset=\"https:\/\/lavozdesanesteban.cl\/wp-content\/uploads\/2023\/06\/PLANTA-EL-SAUCE-01-1024x683.jpg 1024w, https:\/\/lavozdesanesteban.cl\/wp-content\/uploads\/2023\/06\/PLANTA-EL-SAUCE-01-300x200.jpg 300w, https:\/\/lavozdesanesteban.cl\/wp-content\/uploads\/2023\/06\/PLANTA-EL-SAUCE-01-768x512.jpg 768w, https:\/\/lavozdesanesteban.cl\/wp-content\/uploads\/2023\/06\/PLANTA-EL-SAUCE-01-1536x1024.jpg 1536w, https:\/\/lavozdesanesteban.cl\/wp-content\/uploads\/2023\/06\/PLANTA-EL-SAUCE-01-2048x1365.jpg 2048w\" sizes=\"(max-width: 1024px) 100vw, 1024px\" \/><\/figure><\/li><\/ul><\/figure>\n\n\n\n<p>El ejecutivo agreg\u00f3 que \u201cestamos desarrollando nuevos proyectos que nos permitir\u00e1n aumentar nuestra autonom\u00eda, pasando de las actuales 12 horas a 48 horas, progresivamente, obras que consideran una inversi\u00f3n de 3,7 millones de d\u00f3lares. \u201cVamos a sumar pozos para incrementar nuestro respaldo a 18 horas a fines de a\u00f1o. Durante 2024, en tanto, contaremos con un tranque que se conectar\u00e1 directamente a la planta para llegar a las 48 horas de autonom\u00eda\u201d, detall\u00f3 el ejecutivo.&nbsp;&nbsp;<\/p>\n\n\n\n<p>Finalmente, Salas agradeci\u00f3 el apoyo del agricultor de la zona, Miguel Nenadovich, quien puso a disposici\u00f3n uno de sus pozos para conectarlo a la planta El Sauce, durante el evento de turbiedad que afect\u00f3 al r\u00edo.<\/p>\n","protected":false},"excerpt":{"rendered":"<p>\u2022&nbsp;&nbsp;&nbsp;&nbsp;&nbsp;&nbsp;&nbsp;&nbsp;&nbsp;&nbsp;&nbsp;&nbsp; Sanitaria trabaja desde enero en proyecto que permitir\u00e1 sumar progresivamente m\u00e1s horas de respaldo: 18 horas a fines de 2023 y 48 horas el 2024. Los Andes, 28 de junio de 2023. Ya superada la emergencia por el temporal que afect\u00f3 a la zona centro-sur del pa\u00eds, Esval hizo un balance y adelant\u00f3 los &hellip;<\/p>\n","protected":false},"author":2,"featured_media":3388,"comment_status":"open","ping_status":"open","sticky":false,"template":"","format":"standard","meta":{"spay_email":""},"categories":[7],"tags":[8],"jetpack_featured_media_url":"https:\/\/lavozdesanesteban.cl\/wp-content\/uploads\/2023\/06\/PLANTA-EL-SAUCE-02.jpg","_links":{"self":[{"href":"https:\/\/lavozdesanesteban.cl\/index.php\/wp-json\/wp\/v2\/posts\/3386"}],"collection":[{"href":"https:\/\/lavozdesanesteban.cl\/index.php\/wp-json\/wp\/v2\/posts"}],"about":[{"href":"https:\/\/lavozdesanesteban.cl\/index.php\/wp-json\/wp\/v2\/types\/post"}],"author":[{"embeddable":true,"href":"https:\/\/lavozdesanesteban.cl\/index.php\/wp-json\/wp\/v2\/users\/2"}],"replies":[{"embeddable":true,"href":"https:\/\/lavozdesanesteban.cl\/index.php\/wp-json\/wp\/v2\/comments?post=3386"}],"version-history":[{"count":1,"href":"https:\/\/lavozdesanesteban.cl\/index.php\/wp-json\/wp\/v2\/posts\/3386\/revisions"}],"predecessor-version":[{"id":3389,"href":"https:\/\/lavozdesanesteban.cl\/index.php\/wp-json\/wp\/v2\/posts\/3386\/revisions\/3389"}],"wp:featuredmedia":[{"embeddable":true,"href":"https:\/\/lavozdesanesteban.cl\/index.php\/wp-json\/wp\/v2\/media\/3388"}],"wp:attachment":[{"href":"https:\/\/lavozdesanesteban.cl\/index.php\/wp-json\/wp\/v2\/media?parent=3386"}],"wp:term":[{"taxonomy":"category","embeddable":true,"href":"https:\/\/lavozdesanesteban.cl\/index.php\/wp-json\/wp\/v2\/categories?post=3386"},{"taxonomy":"post_tag","embeddable":true,"href":"https:\/\/lavozdesanesteban.cl\/index.php\/wp-json\/wp\/v2\/tags?post=3386"}],"curies":[{"name":"wp","href":"https:\/\/api.w.org\/{rel}","templated":true}]}}