{"id":3390,"date":"2023-06-29T03:21:41","date_gmt":"2023-06-29T03:21:41","guid":{"rendered":"https:\/\/lavozdesanesteban.cl\/?p=3390"},"modified":"2023-06-29T03:21:45","modified_gmt":"2023-06-29T03:21:45","slug":"esval-y-balance-post-temporal-aun-estamos-muy-lejos-de-superar-la-sequia-en-la-region-de-valparaiso","status":"publish","type":"post","link":"https:\/\/lavozdesanesteban.cl\/index.php\/2023\/06\/29\/esval-y-balance-post-temporal-aun-estamos-muy-lejos-de-superar-la-sequia-en-la-region-de-valparaiso\/","title":{"rendered":"Esval y balance post temporal: \u201cA\u00fan estamos muy lejos de superar la sequ\u00eda en la Regi\u00f3n de Valpara\u00edso\u201d"},"content":{"rendered":"\n<p><\/p>\n\n\n\n<ul><li><em>Las lluvias de los \u00faltimos d\u00edas suponen un alivio para la condici\u00f3n de sequ\u00eda estructural, pero se mantienen d\u00e9ficits de nieve y precipitaciones.<\/em><\/li><li><em>La sanitaria contin\u00faa desplegando un intenso plan de inversiones y s\u00f3lo este a\u00f1o destinar\u00e1 m\u00e1s de US$12,5 millones para hacer frente a escasez h\u00eddrica que ya suma 15 a\u00f1os.<\/em><\/li><\/ul>\n\n\n\n<p><strong>Valpara\u00edso, 27 de junio de 2023.- <\/strong>El temporal que afect\u00f3 a la Regi\u00f3n de Valpara\u00edso supuso un leve avance para la condici\u00f3n de sequ\u00eda que afecta a la zona hace ya 15 temporadas.<\/p>\n\n\n\n<p>\u201cLas lluvias de los \u00faltimos d\u00edas nos ayudan a mejorar la condici\u00f3n de las fuentes subterr\u00e1neas, pero persisten los d\u00e9ficits de precipitaciones y nieve. Este frente se caracteriz\u00f3 por concentrar gran cantidad de agua ca\u00edda en pocas horas y con una isoterma alta, lo que provoc\u00f3 un in\u00e9dito aumento de turbiedad y crecidas hist\u00f3ricas en los cauces, pero no un gran avance en la acumulaci\u00f3n en nieve y embalses\u201d, resumi\u00f3 el gerente regional de la sanitaria, Alejandro Salas.<\/p>\n\n\n\n<p>El ejecutivo agreg\u00f3 que estamos en una mejor condici\u00f3n que en 2022, pero \u201ca\u00fan estamos muy lejos de superar la escasez h\u00eddrica que nos afecta, por lo que seguimos desplegando inversiones para asegurar la continuidad del suministro. S\u00f3lo este a\u00f1o destinaremos m\u00e1s de 12,5 millones de d\u00f3lares en medidas para seguir enfrentando la sequ\u00eda\u201d.<\/p>\n\n\n\n<p>Destac\u00f3 que en esta contingencia clim\u00e1tica la conducci\u00f3n reversible entre el embalse Los Aromos y la planta de Conc\u00f3n jug\u00f3 un rol clave, pues \u201cpermiti\u00f3 mantener el suministro de m\u00e1s de 1 mill\u00f3n de personas al actuar como respaldo ante la alta turbiedad en el Aconcagua. Por tres d\u00edas, desde el s\u00e1bado hasta hoy martes, esta mega obra m\u00e1s la operaci\u00f3n de pozos, nos permiti\u00f3 evitar cortes de suministro\u201d.<\/p>\n\n\n\n<p>En otras zonas, como en Los Andes, \u201ctrabajamos para aumentar nuestra autonom\u00eda y ya est\u00e1 en desarrollo un proyecto que permitir\u00e1 llegar a 18 horas en 2023 con pozos y a 48 horas en 2024, conectando un tranque a nuestra planta El Sauce\u201d. En el Litoral Sur, en tanto, se contin\u00faa robusteciendo el servicio con la b\u00fasqueda de nuevas fuentes y acuerdo con terceros.<\/p>\n\n\n\n<p><strong>Indicadores<\/strong><\/p>\n\n\n\n<ul><li><strong>Precipitaciones en principales ciudades<\/strong>: Valpara\u00edso alcanz\u00f3 127 mm (-28,4% respecto de un a\u00f1o normal a la fecha); San Antonio registra 65,3 mm (-68,5%); San Felipe lleg\u00f3 a 17,4 mm (un 83,6% de d\u00e9ficit); y en Petorca, el agua ca\u00edda alcanza apenas a 4,1 mm (-95,4%).<\/li><li><strong>Nieve<\/strong>: La Estaci\u00f3n Portillo acumula 304,8 mm, muy superiores a los 94 mm que se registraban a igual fecha del a\u00f1o pasado. Sin embargo, el d\u00e9ficit alcanza un 32,3%, en comparaci\u00f3n con el promedio hist\u00f3rico.<\/li><li><strong>Embalses<\/strong>: Los Aromos alcanza un 26% de su volumen, con 9,1 millones de m3, mientras que el tranque La Luz supera el 62% de acumulaci\u00f3n. El embalse Pe\u00f1uelas, si bien elev\u00f3 su nivel hasta los 97.000 m3, apenas registra 0,1% de su capacidad total.<\/li><\/ul>\n\n\n\n<figure class=\"wp-block-gallery columns-1 is-cropped\"><ul class=\"blocks-gallery-grid\"><li class=\"blocks-gallery-item\"><figure><img loading=\"lazy\" width=\"755\" height=\"768\" src=\"https:\/\/lavozdesanesteban.cl\/wp-content\/uploads\/2023\/06\/BALANCE-HIDRICO-27-06.jpeg\" alt=\"\" data-id=\"3391\" data-full-url=\"https:\/\/lavozdesanesteban.cl\/wp-content\/uploads\/2023\/06\/BALANCE-HIDRICO-27-06.jpeg\" data-link=\"https:\/\/lavozdesanesteban.cl\/?attachment_id=3391\" class=\"wp-image-3391\" srcset=\"https:\/\/lavozdesanesteban.cl\/wp-content\/uploads\/2023\/06\/BALANCE-HIDRICO-27-06.jpeg 755w, https:\/\/lavozdesanesteban.cl\/wp-content\/uploads\/2023\/06\/BALANCE-HIDRICO-27-06-295x300.jpeg 295w\" sizes=\"(max-width: 755px) 100vw, 755px\" \/><\/figure><\/li><\/ul><\/figure>\n","protected":false},"excerpt":{"rendered":"<p>Las lluvias de los \u00faltimos d\u00edas suponen un alivio para la condici\u00f3n de sequ\u00eda estructural, pero se mantienen d\u00e9ficits de nieve y precipitaciones.La sanitaria contin\u00faa desplegando un intenso plan de inversiones y s\u00f3lo este a\u00f1o destinar\u00e1 m\u00e1s de US$12,5 millones para hacer frente a escasez h\u00eddrica que ya suma 15 a\u00f1os. Valpara\u00edso, 27 de junio &hellip;<\/p>\n","protected":false},"author":2,"featured_media":3392,"comment_status":"open","ping_status":"open","sticky":false,"template":"","format":"standard","meta":{"spay_email":""},"categories":[3],"tags":[8],"jetpack_featured_media_url":"https:\/\/lavozdesanesteban.cl\/wp-content\/uploads\/2023\/06\/Los-Aromos-27-06.jpeg","_links":{"self":[{"href":"https:\/\/lavozdesanesteban.cl\/index.php\/wp-json\/wp\/v2\/posts\/3390"}],"collection":[{"href":"https:\/\/lavozdesanesteban.cl\/index.php\/wp-json\/wp\/v2\/posts"}],"about":[{"href":"https:\/\/lavozdesanesteban.cl\/index.php\/wp-json\/wp\/v2\/types\/post"}],"author":[{"embeddable":true,"href":"https:\/\/lavozdesanesteban.cl\/index.php\/wp-json\/wp\/v2\/users\/2"}],"replies":[{"embeddable":true,"href":"https:\/\/lavozdesanesteban.cl\/index.php\/wp-json\/wp\/v2\/comments?post=3390"}],"version-history":[{"count":1,"href":"https:\/\/lavozdesanesteban.cl\/index.php\/wp-json\/wp\/v2\/posts\/3390\/revisions"}],"predecessor-version":[{"id":3393,"href":"https:\/\/lavozdesanesteban.cl\/index.php\/wp-json\/wp\/v2\/posts\/3390\/revisions\/3393"}],"wp:featuredmedia":[{"embeddable":true,"href":"https:\/\/lavozdesanesteban.cl\/index.php\/wp-json\/wp\/v2\/media\/3392"}],"wp:attachment":[{"href":"https:\/\/lavozdesanesteban.cl\/index.php\/wp-json\/wp\/v2\/media?parent=3390"}],"wp:term":[{"taxonomy":"category","embeddable":true,"href":"https:\/\/lavozdesanesteban.cl\/index.php\/wp-json\/wp\/v2\/categories?post=3390"},{"taxonomy":"post_tag","embeddable":true,"href":"https:\/\/lavozdesanesteban.cl\/index.php\/wp-json\/wp\/v2\/tags?post=3390"}],"curies":[{"name":"wp","href":"https:\/\/api.w.org\/{rel}","templated":true}]}}