{"id":3394,"date":"2023-06-29T03:26:56","date_gmt":"2023-06-29T03:26:56","guid":{"rendered":"https:\/\/lavozdesanesteban.cl\/?p=3394"},"modified":"2023-06-29T03:27:00","modified_gmt":"2023-06-29T03:27:00","slug":"los-andes-tendra-lo-mejor-del-voleibol-internacional-en-la-partida-del-mes-aniversario","status":"publish","type":"post","link":"https:\/\/lavozdesanesteban.cl\/index.php\/2023\/06\/29\/los-andes-tendra-lo-mejor-del-voleibol-internacional-en-la-partida-del-mes-aniversario\/","title":{"rendered":"Los Andes tendr\u00e1 lo mejor del voleibol internacional en la partida del mes aniversario"},"content":{"rendered":"\n<p><\/p>\n\n\n\n<p><em>Las selecciones nacionales de Chile y Nueva Zelanda jugar\u00e1n un partido de exhibici\u00f3n este s\u00e1bado 01 de julio, a la 18:00 hrs., en el Gimnasio Juan Herrera Mu\u00f1oz del Liceo Mixto.<\/em><\/p>\n\n\n\n<p>Nunca antes el voleibol en Chile tuvo tan buen nivel. Han sido 15 a\u00f1os sin tener espect\u00e1culos deportivos de este deporte en Los Andes, comenzado de esta manera la celebraci\u00f3n de los 232 a\u00f1os de la fundaci\u00f3n de la comuna. Con un amistoso que ofrecido gratuitamente por parte de la Federaci\u00f3n nacional de voleibol, como regalo a la comuna y gestionado por la reciente creada asociaci\u00f3n de voleibol.<\/p>\n\n\n\n<p>Para el alcalde Manuel Rivera es un momento complejo que se vive, luego de la emergencia clim\u00e1tica. \u201cSabemos los momentos complicados que viven andinos y andinas, yo creo que el deporte en definitiva nos da m\u00e1s fuerza para salir adelante en estos temas complejos. Estamos muy agradecidos de la federaci\u00f3n ya que vamos a retomar lo que hicieron hace algunos a\u00f1os atr\u00e1s cuando se hac\u00edan inmemorables campeonatos de beach volley\u201d.<\/p>\n\n\n\n<p>Jorge Pino, entonces, presidente de la Federaci\u00f3n de V\u00f3leibol de Chile (Fevochi) dijo que \u201cen esta oportunidad viene el mejor equipo femenino que tenemos, despu\u00e9s de 15 a\u00f1os que no visit\u00e1bamos Los Andes. Estamos pasando el mejor momento en la historia del voley chileno en todo, en masculino, en femenino, en playa y en piso. Y en femenino acabamos de clasificar a un mundial en U18 y ahora viene un equipo muy joven, con un promedio de 23 a\u00f1os, que se esta preparando para los juegos panamericanos.<\/p>\n\n\n\n<p>Juan Montenegro, concejal y presidente de la Asociaci\u00f3n de Voleibol de Los Andes habl\u00f3 de este nuevo impulso del deporte en la comuna. \u201cNosotros estamos felices como Asociaci\u00f3n de Los Andes, al contar con el apoyo de nuestras autoridades. Trabajaremos por contar con la selecci\u00f3n masculina de voleibol. Es ese es el desaf\u00edo\u201d.<\/p>\n","protected":false},"excerpt":{"rendered":"<p>Las selecciones nacionales de Chile y Nueva Zelanda jugar\u00e1n un partido de exhibici\u00f3n este s\u00e1bado 01 de julio, a la 18:00 hrs., en el Gimnasio Juan Herrera Mu\u00f1oz del Liceo Mixto. Nunca antes el voleibol en Chile tuvo tan buen nivel. Han sido 15 a\u00f1os sin tener espect\u00e1culos deportivos de este deporte en Los Andes, &hellip;<\/p>\n","protected":false},"author":2,"featured_media":3395,"comment_status":"open","ping_status":"open","sticky":false,"template":"","format":"standard","meta":{"spay_email":""},"categories":[7],"tags":[8],"jetpack_featured_media_url":"https:\/\/lavozdesanesteban.cl\/wp-content\/uploads\/2023\/06\/voleibol-internacional.jpeg","_links":{"self":[{"href":"https:\/\/lavozdesanesteban.cl\/index.php\/wp-json\/wp\/v2\/posts\/3394"}],"collection":[{"href":"https:\/\/lavozdesanesteban.cl\/index.php\/wp-json\/wp\/v2\/posts"}],"about":[{"href":"https:\/\/lavozdesanesteban.cl\/index.php\/wp-json\/wp\/v2\/types\/post"}],"author":[{"embeddable":true,"href":"https:\/\/lavozdesanesteban.cl\/index.php\/wp-json\/wp\/v2\/users\/2"}],"replies":[{"embeddable":true,"href":"https:\/\/lavozdesanesteban.cl\/index.php\/wp-json\/wp\/v2\/comments?post=3394"}],"version-history":[{"count":1,"href":"https:\/\/lavozdesanesteban.cl\/index.php\/wp-json\/wp\/v2\/posts\/3394\/revisions"}],"predecessor-version":[{"id":3396,"href":"https:\/\/lavozdesanesteban.cl\/index.php\/wp-json\/wp\/v2\/posts\/3394\/revisions\/3396"}],"wp:featuredmedia":[{"embeddable":true,"href":"https:\/\/lavozdesanesteban.cl\/index.php\/wp-json\/wp\/v2\/media\/3395"}],"wp:attachment":[{"href":"https:\/\/lavozdesanesteban.cl\/index.php\/wp-json\/wp\/v2\/media?parent=3394"}],"wp:term":[{"taxonomy":"category","embeddable":true,"href":"https:\/\/lavozdesanesteban.cl\/index.php\/wp-json\/wp\/v2\/categories?post=3394"},{"taxonomy":"post_tag","embeddable":true,"href":"https:\/\/lavozdesanesteban.cl\/index.php\/wp-json\/wp\/v2\/tags?post=3394"}],"curies":[{"name":"wp","href":"https:\/\/api.w.org\/{rel}","templated":true}]}}