{"id":3414,"date":"2023-06-30T03:02:10","date_gmt":"2023-06-30T03:02:10","guid":{"rendered":"https:\/\/lavozdesanesteban.cl\/?p=3414"},"modified":"2023-06-30T03:02:13","modified_gmt":"2023-06-30T03:02:13","slug":"alcalde-ortega-tras-formalizacion-de-empresa-limpia-fosas-los-recursos-de-los-sanestebinos-deben-ser-utilizados-de-manera-eficiente","status":"publish","type":"post","link":"https:\/\/lavozdesanesteban.cl\/index.php\/2023\/06\/30\/alcalde-ortega-tras-formalizacion-de-empresa-limpia-fosas-los-recursos-de-los-sanestebinos-deben-ser-utilizados-de-manera-eficiente\/","title":{"rendered":"Alcalde Ortega tras formalizaci\u00f3n de empresa limpia fosas: \u201cLos recursos de los sanestebinos deben ser utilizados de manera eficiente\u201d"},"content":{"rendered":"\n<p><\/p>\n\n\n\n<ul><li>El Ministerio P\u00fablico de Los Andes decret\u00f3 arresto domiciliario total y arraigo nacional a la representante legal de la empresa de limpiafosas SITA, P.D.G.,&nbsp; a ra\u00edz de una querellada presentada por la Municipalidad de San Esteban por los delitos de fraude al fisco y falsificaci\u00f3n de instrumento p\u00fablico hechos ocurridos durante la administraci\u00f3n del exalcalde Mardones.<\/li><\/ul>\n\n\n\n<p>Durante la jornada de este jueves, se llev\u00f3 a cabo la audiencia de formalizaci\u00f3n en contra de la representante legal de la empresa de limpia fosas SITA, que prest\u00f3 servicios en San Esteban entre 2019 y 2021, durante el mandato del ex alcalde Ren\u00e9 Mardones, por los delitos de fraude al fisco y falsificaci\u00f3n de instrumento p\u00fablico.<\/p>\n\n\n\n<p>Cabe recordar que la administraci\u00f3n del alcalde Christian Ortega present\u00f3 una querella en noviembre del 2021 contra quienes resultaran responsables, tras detectar un sobrepago millonario por la adulteraci\u00f3n en la capacidad real de los camiones que operaban en la comuna. Se trat\u00f3 de tres veh\u00edculos que cobraban por transportar 30 mil litros cuando su capacidad real de almacenamiento era de s\u00f3lo13 mil.<\/p>\n\n\n\n<p>Por dicho motivo, es que se determin\u00f3 la medida cautelar de arresto domiciliario total y arraigo nacional para la propietaria de la empresa, de iniciales P.D.G, por un plazo de 6 meses.<\/p>\n\n\n\n<p>El segundo formalizado (el ex encargado de adquisiciones) present\u00f3&nbsp; una licencia m\u00e9dica, por lo que su audiencia fue fijada para la primera semana de agosto.<\/p>\n\n\n\n<p>En este sentido, el alcalde Ortega manifest\u00f3 que \u201cCuando llegamos al municipio de San Esteban lo hicimos con un gran desaf\u00edo: Utilizar los recursos de los sanestebinos de manera eficiente y tambi\u00e9n detectar todas las irregularidades que ocurrieron en el pasado. Desde ah\u00ed, iniciamos distintas acciones con nuestro equipo jur\u00eddico en el ministerio p\u00fablico de Los Andes. Es as\u00ed, como hoy, se realiz\u00f3 la formalizaci\u00f3n de la empresa que manten\u00eda el contrato de limpia fosas en la comuna, durante el periodo del ex alcalde Mardones, se dieron las medidas de arresto domiciliario para la propietaria de la empresa\u201d, afirm\u00f3.<\/p>\n\n\n\n<p>Junto con ello, la autoridad manifest\u00f3 que \u201ccomo alcalde de San Esteban, quiero manifestar mi total confianza en el ministerio p\u00fablico y en las acciones que est\u00e1n tomando. Adem\u00e1s, quiero darles tranquilidad a los vecinos de lo que estamos haciendo, en pos de la buena utilizaci\u00f3n de los recursos de todos los sanestebinos y sanestebinas. Los recursos deben ser utilizados de manera eficiente\u201d, afirm\u00f3.<\/p>\n","protected":false},"excerpt":{"rendered":"<p>El Ministerio P\u00fablico de Los Andes decret\u00f3 arresto domiciliario total y arraigo nacional a la representante legal de la empresa de limpiafosas SITA, P.D.G.,&nbsp; a ra\u00edz de una querellada presentada por la Municipalidad de San Esteban por los delitos de fraude al fisco y falsificaci\u00f3n de instrumento p\u00fablico hechos ocurridos durante la administraci\u00f3n del exalcalde &hellip;<\/p>\n","protected":false},"author":2,"featured_media":3415,"comment_status":"open","ping_status":"open","sticky":false,"template":"","format":"standard","meta":{"spay_email":""},"categories":[2],"tags":[8],"jetpack_featured_media_url":"https:\/\/lavozdesanesteban.cl\/wp-content\/uploads\/2023\/06\/FOTO-COMUNICADO.jpeg","_links":{"self":[{"href":"https:\/\/lavozdesanesteban.cl\/index.php\/wp-json\/wp\/v2\/posts\/3414"}],"collection":[{"href":"https:\/\/lavozdesanesteban.cl\/index.php\/wp-json\/wp\/v2\/posts"}],"about":[{"href":"https:\/\/lavozdesanesteban.cl\/index.php\/wp-json\/wp\/v2\/types\/post"}],"author":[{"embeddable":true,"href":"https:\/\/lavozdesanesteban.cl\/index.php\/wp-json\/wp\/v2\/users\/2"}],"replies":[{"embeddable":true,"href":"https:\/\/lavozdesanesteban.cl\/index.php\/wp-json\/wp\/v2\/comments?post=3414"}],"version-history":[{"count":1,"href":"https:\/\/lavozdesanesteban.cl\/index.php\/wp-json\/wp\/v2\/posts\/3414\/revisions"}],"predecessor-version":[{"id":3416,"href":"https:\/\/lavozdesanesteban.cl\/index.php\/wp-json\/wp\/v2\/posts\/3414\/revisions\/3416"}],"wp:featuredmedia":[{"embeddable":true,"href":"https:\/\/lavozdesanesteban.cl\/index.php\/wp-json\/wp\/v2\/media\/3415"}],"wp:attachment":[{"href":"https:\/\/lavozdesanesteban.cl\/index.php\/wp-json\/wp\/v2\/media?parent=3414"}],"wp:term":[{"taxonomy":"category","embeddable":true,"href":"https:\/\/lavozdesanesteban.cl\/index.php\/wp-json\/wp\/v2\/categories?post=3414"},{"taxonomy":"post_tag","embeddable":true,"href":"https:\/\/lavozdesanesteban.cl\/index.php\/wp-json\/wp\/v2\/tags?post=3414"}],"curies":[{"name":"wp","href":"https:\/\/api.w.org\/{rel}","templated":true}]}}