{"id":3417,"date":"2023-06-30T03:04:42","date_gmt":"2023-06-30T03:04:42","guid":{"rendered":"https:\/\/lavozdesanesteban.cl\/?p=3417"},"modified":"2023-06-30T03:04:46","modified_gmt":"2023-06-30T03:04:46","slug":"gran-pista-de-hielo-ecologica-se-instalara-en-calle-larga","status":"publish","type":"post","link":"https:\/\/lavozdesanesteban.cl\/index.php\/2023\/06\/30\/gran-pista-de-hielo-ecologica-se-instalara-en-calle-larga\/","title":{"rendered":"Gran Pista de Hielo Ecol\u00f3gica se instalar\u00e1 en Calle Larga"},"content":{"rendered":"\n<p><\/p>\n\n\n\n<p><strong>Construida en un material que simula el hielo y que permite reducir las emisiones de CO2 al ambiente, la pista de 17&#215;8 metros, permanecer\u00e1 en la comuna durante 13 d\u00edas para que vecinas y vecinos patinen de forma gratuita<\/strong><\/p>\n\n\n\n<p><strong>&nbsp;&nbsp;&nbsp;&nbsp;&nbsp;&nbsp;&nbsp;&nbsp;&nbsp;&nbsp;&nbsp; <\/strong>A partir del 4 y hasta el 16 de julio, las familias de Calle Larga tendr\u00e1n un gran y entretenido panorama para disfrutar de forma completamente gratuita, durante las vacaciones de invierno al aire libre realizando actividad f\u00edsica.<\/p>\n\n\n\n<p>&nbsp;&nbsp;&nbsp;&nbsp;&nbsp;&nbsp;&nbsp;&nbsp;&nbsp;&nbsp;&nbsp; Gracias a las gestiones realizadas por la Municipalidad, se instalar\u00e1 en la plaza central de la comuna, una moderna Pista de Patinaje de Hielo Ecol\u00f3gica, \u00fanica en nuestro pa\u00eds, de 17&#215;8 metros. Es construida en un material que simula el hielo, que <a>permite reducir las emisiones de CO2 y adem\u00e1s el abaratamiento de sus costos<\/a>, tanto en instalaci\u00f3n como en mantenimiento, en comparaci\u00f3n a las pistas de hielo tradicionales.<\/p>\n\n\n\n<p>&nbsp;&nbsp;&nbsp;&nbsp;&nbsp;&nbsp;&nbsp;&nbsp;&nbsp;&nbsp;&nbsp; La pista funcionar\u00e1 desde las <a>11:00 a las 15:00 y desde las 16:00 hasta las 20:00 horas<\/a>. Podr\u00e1n ingresar a la pista ni\u00f1as y ni\u00f1os desde los 5 a\u00f1os y los adultos sin tope m\u00e1ximo de edad. Se entregar\u00e1n patines y cascos. <a>No es necesario tener conocimientos previos de patinaje ya que existir\u00e1n ping\u00fcinos de ayuda para quienes a\u00fan no saben c\u00f3mo patinar, puedan aprender y disfrutar.<\/a><\/p>\n\n\n\n<p>&nbsp;&nbsp;&nbsp;&nbsp;&nbsp;&nbsp;&nbsp;&nbsp;&nbsp;&nbsp;&nbsp; Podr\u00e1n hacer ingreso a la pista \u00fanicamente vecinas y vecinos de Calle Larga, quienes deben inscribirse previamente en los puntos habilitados en diversos sectores de la comuna.<\/p>\n\n\n\n<p>M\u00e1s informaci\u00f3n sobre los puntos de inscripci\u00f3n y las condiciones de ingreso a la pista,<a><\/a> en las redes sociales de la Municipalidad de Calle Larga.<strong><\/strong><\/p>\n","protected":false},"excerpt":{"rendered":"<p>Construida en un material que simula el hielo y que permite reducir las emisiones de CO2 al ambiente, la pista de 17&#215;8 metros, permanecer\u00e1 en la comuna durante 13 d\u00edas para que vecinas y vecinos patinen de forma gratuita &nbsp;&nbsp;&nbsp;&nbsp;&nbsp;&nbsp;&nbsp;&nbsp;&nbsp;&nbsp;&nbsp; A partir del 4 y hasta el 16 de julio, las familias de Calle Larga &hellip;<\/p>\n","protected":false},"author":2,"featured_media":3418,"comment_status":"open","ping_status":"open","sticky":false,"template":"","format":"standard","meta":{"spay_email":""},"categories":[7],"tags":[8],"jetpack_featured_media_url":"https:\/\/lavozdesanesteban.cl\/wp-content\/uploads\/2023\/06\/imagen-referencial.jpg","_links":{"self":[{"href":"https:\/\/lavozdesanesteban.cl\/index.php\/wp-json\/wp\/v2\/posts\/3417"}],"collection":[{"href":"https:\/\/lavozdesanesteban.cl\/index.php\/wp-json\/wp\/v2\/posts"}],"about":[{"href":"https:\/\/lavozdesanesteban.cl\/index.php\/wp-json\/wp\/v2\/types\/post"}],"author":[{"embeddable":true,"href":"https:\/\/lavozdesanesteban.cl\/index.php\/wp-json\/wp\/v2\/users\/2"}],"replies":[{"embeddable":true,"href":"https:\/\/lavozdesanesteban.cl\/index.php\/wp-json\/wp\/v2\/comments?post=3417"}],"version-history":[{"count":1,"href":"https:\/\/lavozdesanesteban.cl\/index.php\/wp-json\/wp\/v2\/posts\/3417\/revisions"}],"predecessor-version":[{"id":3419,"href":"https:\/\/lavozdesanesteban.cl\/index.php\/wp-json\/wp\/v2\/posts\/3417\/revisions\/3419"}],"wp:featuredmedia":[{"embeddable":true,"href":"https:\/\/lavozdesanesteban.cl\/index.php\/wp-json\/wp\/v2\/media\/3418"}],"wp:attachment":[{"href":"https:\/\/lavozdesanesteban.cl\/index.php\/wp-json\/wp\/v2\/media?parent=3417"}],"wp:term":[{"taxonomy":"category","embeddable":true,"href":"https:\/\/lavozdesanesteban.cl\/index.php\/wp-json\/wp\/v2\/categories?post=3417"},{"taxonomy":"post_tag","embeddable":true,"href":"https:\/\/lavozdesanesteban.cl\/index.php\/wp-json\/wp\/v2\/tags?post=3417"}],"curies":[{"name":"wp","href":"https:\/\/api.w.org\/{rel}","templated":true}]}}