{"id":3421,"date":"2023-07-12T04:00:32","date_gmt":"2023-07-12T04:00:32","guid":{"rendered":"https:\/\/lavozdesanesteban.cl\/?p=3421"},"modified":"2023-07-12T04:00:33","modified_gmt":"2023-07-12T04:00:33","slug":"daem-de-san-esteban-comenzo-su-plan-de-mejoramiento-de-infraestructura-durante-las-vacaciones-de-invierno","status":"publish","type":"post","link":"https:\/\/lavozdesanesteban.cl\/index.php\/2023\/07\/12\/daem-de-san-esteban-comenzo-su-plan-de-mejoramiento-de-infraestructura-durante-las-vacaciones-de-invierno\/","title":{"rendered":"DAEM de San Esteban comenz\u00f3 su plan de mejoramiento de infraestructura durante las vacaciones de invierno"},"content":{"rendered":"\n<p><\/p>\n\n\n\n<ul><li>El equipo de infraestructura tiene contemplado trabajar en la mayor cantidad de establecimientos educacionales durante este periodo, atendiendo las necesidades de las comunidades educativas.<\/li><\/ul>\n\n\n\n<p>Con la finalizaci\u00f3n del primer semestre, el Departamento de Educaci\u00f3n Municipal de San Esteban inici\u00f3 su plan de mejoramientos de los establecimientos educacionales, buscando con ello, brindar espacios de mayor comodidad para los estudiantes.<\/p>\n\n\n\n<p>Por tal motivo,&nbsp; es que los equipos de infraestructura de DAEM se han desplegado para trabajar en las escuelas Pablo Neruda y Libertad. En el primer establecimiento, se realizaron labores de mejoras en la techumbre de la sala de contenci\u00f3n emocional, que requer\u00eda una pronta intervenci\u00f3n. En el caso de la Escuela B\u00e1sica Libertad, se enfocaron en reparar la c\u00e1mara de alcantarillado y pintar los espacios del patio, con el objetivo de darle un nuevo aspecto para el segundo semestre.<\/p>\n\n\n\n<p>Precisamente, la encargada en infraestructura del Departamento de Educaci\u00f3n Municipal, Constanza Mora detall\u00f3 que \u201cEn el inicio de las vacaciones de invierno y termino de clases, nosotros como equipo de Infraestructura trabajaremos en los establecimientos educacionales bajo un plan de trabajo, en la mantenci\u00f3n de los limpia fosas y las c\u00e1maras desengrasadoras, las labores se hacen dos veces al a\u00f1o\u201c.<\/p>\n\n\n\n<p><a><\/a>En la misma l\u00ednea, la profesional recalc\u00f3 que \u201cdurante el mes de junio fuimos recibiendo los requerimientos de los directores para trabajar en estas semanas de vacaciones. Comenzamos a pintar los espacios de la Escuela Libertad, lo cual significar\u00e1 en un hermosamiento para el establecimiento. Junto con ello, tambi\u00e9n tenemos contemplado trabajar en la techumbre de la escuela Pablo Neruda, y tambi\u00e9n se trabajar\u00e1 en los espacios de la Escuela San Francisco, en su cocina y sus alrededores\u201d.<\/p>\n","protected":false},"excerpt":{"rendered":"<p>El equipo de infraestructura tiene contemplado trabajar en la mayor cantidad de establecimientos educacionales durante este periodo, atendiendo las necesidades de las comunidades educativas. Con la finalizaci\u00f3n del primer semestre, el Departamento de Educaci\u00f3n Municipal de San Esteban inici\u00f3 su plan de mejoramientos de los establecimientos educacionales, buscando con ello, brindar espacios de mayor comodidad &hellip;<\/p>\n","protected":false},"author":2,"featured_media":3422,"comment_status":"open","ping_status":"open","sticky":false,"template":"","format":"standard","meta":{"spay_email":""},"categories":[2],"tags":[8],"jetpack_featured_media_url":"https:\/\/lavozdesanesteban.cl\/wp-content\/uploads\/2023\/07\/DAEM-scaled.jpg","_links":{"self":[{"href":"https:\/\/lavozdesanesteban.cl\/index.php\/wp-json\/wp\/v2\/posts\/3421"}],"collection":[{"href":"https:\/\/lavozdesanesteban.cl\/index.php\/wp-json\/wp\/v2\/posts"}],"about":[{"href":"https:\/\/lavozdesanesteban.cl\/index.php\/wp-json\/wp\/v2\/types\/post"}],"author":[{"embeddable":true,"href":"https:\/\/lavozdesanesteban.cl\/index.php\/wp-json\/wp\/v2\/users\/2"}],"replies":[{"embeddable":true,"href":"https:\/\/lavozdesanesteban.cl\/index.php\/wp-json\/wp\/v2\/comments?post=3421"}],"version-history":[{"count":1,"href":"https:\/\/lavozdesanesteban.cl\/index.php\/wp-json\/wp\/v2\/posts\/3421\/revisions"}],"predecessor-version":[{"id":3423,"href":"https:\/\/lavozdesanesteban.cl\/index.php\/wp-json\/wp\/v2\/posts\/3421\/revisions\/3423"}],"wp:featuredmedia":[{"embeddable":true,"href":"https:\/\/lavozdesanesteban.cl\/index.php\/wp-json\/wp\/v2\/media\/3422"}],"wp:attachment":[{"href":"https:\/\/lavozdesanesteban.cl\/index.php\/wp-json\/wp\/v2\/media?parent=3421"}],"wp:term":[{"taxonomy":"category","embeddable":true,"href":"https:\/\/lavozdesanesteban.cl\/index.php\/wp-json\/wp\/v2\/categories?post=3421"},{"taxonomy":"post_tag","embeddable":true,"href":"https:\/\/lavozdesanesteban.cl\/index.php\/wp-json\/wp\/v2\/tags?post=3421"}],"curies":[{"name":"wp","href":"https:\/\/api.w.org\/{rel}","templated":true}]}}