{"id":3424,"date":"2023-07-12T04:04:23","date_gmt":"2023-07-12T04:04:23","guid":{"rendered":"https:\/\/lavozdesanesteban.cl\/?p=3424"},"modified":"2023-07-12T04:04:24","modified_gmt":"2023-07-12T04:04:24","slug":"equipo-del-daem-de-san-esteban-realiza-visita-inspectiva-para-conocer-avance-de-obras-en-techumbre-de-la-escuela-hermano-fernando-de-la-fuente","status":"publish","type":"post","link":"https:\/\/lavozdesanesteban.cl\/index.php\/2023\/07\/12\/equipo-del-daem-de-san-esteban-realiza-visita-inspectiva-para-conocer-avance-de-obras-en-techumbre-de-la-escuela-hermano-fernando-de-la-fuente\/","title":{"rendered":"Equipo del DAEM de San Esteban realiza visita inspectiva para conocer avance de obras en techumbre de la Escuela Hermano Fernando de la Fuente"},"content":{"rendered":"\n<p><\/p>\n\n\n\n<ul><li>Las obras, que superan los $70 millones, est\u00e1n prontas a finalizar, lo que significar\u00e1 una mejora sustancial a la infraestructura de este establecimiento que hace m\u00e1s de una d\u00e9cada que no recib\u00eda una mantenci\u00f3n.<\/li><\/ul>\n\n\n\n<p>Una fruct\u00edfera visita fue la que realiz\u00f3 el equipo del Departamento de Educaci\u00f3n Municipal de San Esteban, encabezado por su director (s) Juan Luis Olivares a la escuela Hermano Fernando de la Fuente, del sector de Campos Altos de Ahumada alto, con el objetivo de verificar el estado de avances de las obras de mejoramiento que se est\u00e1n desarrollando en sus instalaciones, como tambi\u00e9n poder determinar la posible fecha de re-inauguraci\u00f3n con la comunidad educativa.<\/p>\n\n\n\n<p>El proyecto contemplaba la renovaci\u00f3n de toda la techumbre, que se vio seriamente afectado durante las \u00faltimas nevadas del a\u00f1o pasado, con una inversi\u00f3n superior a los 70 millones de pesos, e implicaba renovar un establecimiento que no recib\u00eda mantenci\u00f3n hace m\u00e1s de una d\u00e9cada.<\/p>\n\n\n\n<p>Los trabajos est\u00e1n por finalizar, encontr\u00e1ndose en la etapa de ultimar detalles. De esta maner, el establecimiento podr\u00e1 enfrentar de mejor manera las condiciones.<\/p>\n\n\n\n<p>En ese sentido, el encargado de planificaci\u00f3n y log\u00edstica, Freddy Masman, se refiri\u00f3 sobre la visita del equipo al establecimiento, afirmando que \u201cvisitamos la escuela Hermano Fernando de la Fuente para ver en terreno todas las mejoras y reparaciones que se han hecho durante estos meses. Estamos bastante contentos, ya que, viendo el estado en que se encuentra, podemos decir que, al retorno del segundo semestre escolar, los estudiantes est\u00e1n en condiciones de poder volver a su escuela\u201d, puntualiz\u00f3.<\/p>\n\n\n\n<p>Estos trabajos desarrollados por la Municipalidad y del DAEM de San Esteban, vienen a responder al compromiso de la administraci\u00f3n municipal por brindar espacios dignos y de calidad para la comunidad educativa.<\/p>\n","protected":false},"excerpt":{"rendered":"<p>Las obras, que superan los $70 millones, est\u00e1n prontas a finalizar, lo que significar\u00e1 una mejora sustancial a la infraestructura de este establecimiento que hace m\u00e1s de una d\u00e9cada que no recib\u00eda una mantenci\u00f3n. Una fruct\u00edfera visita fue la que realiz\u00f3 el equipo del Departamento de Educaci\u00f3n Municipal de San Esteban, encabezado por su director &hellip;<\/p>\n","protected":false},"author":2,"featured_media":3425,"comment_status":"open","ping_status":"open","sticky":false,"template":"","format":"standard","meta":{"spay_email":""},"categories":[2],"tags":[8],"jetpack_featured_media_url":"https:\/\/lavozdesanesteban.cl\/wp-content\/uploads\/2023\/07\/VISITA-EQUIPO-DAEM-ESC.-HERMANO-FERNANDO-DE-LA-FUENTE-2.jpg","_links":{"self":[{"href":"https:\/\/lavozdesanesteban.cl\/index.php\/wp-json\/wp\/v2\/posts\/3424"}],"collection":[{"href":"https:\/\/lavozdesanesteban.cl\/index.php\/wp-json\/wp\/v2\/posts"}],"about":[{"href":"https:\/\/lavozdesanesteban.cl\/index.php\/wp-json\/wp\/v2\/types\/post"}],"author":[{"embeddable":true,"href":"https:\/\/lavozdesanesteban.cl\/index.php\/wp-json\/wp\/v2\/users\/2"}],"replies":[{"embeddable":true,"href":"https:\/\/lavozdesanesteban.cl\/index.php\/wp-json\/wp\/v2\/comments?post=3424"}],"version-history":[{"count":1,"href":"https:\/\/lavozdesanesteban.cl\/index.php\/wp-json\/wp\/v2\/posts\/3424\/revisions"}],"predecessor-version":[{"id":3426,"href":"https:\/\/lavozdesanesteban.cl\/index.php\/wp-json\/wp\/v2\/posts\/3424\/revisions\/3426"}],"wp:featuredmedia":[{"embeddable":true,"href":"https:\/\/lavozdesanesteban.cl\/index.php\/wp-json\/wp\/v2\/media\/3425"}],"wp:attachment":[{"href":"https:\/\/lavozdesanesteban.cl\/index.php\/wp-json\/wp\/v2\/media?parent=3424"}],"wp:term":[{"taxonomy":"category","embeddable":true,"href":"https:\/\/lavozdesanesteban.cl\/index.php\/wp-json\/wp\/v2\/categories?post=3424"},{"taxonomy":"post_tag","embeddable":true,"href":"https:\/\/lavozdesanesteban.cl\/index.php\/wp-json\/wp\/v2\/tags?post=3424"}],"curies":[{"name":"wp","href":"https:\/\/api.w.org\/{rel}","templated":true}]}}