{"id":3427,"date":"2023-07-12T04:09:58","date_gmt":"2023-07-12T04:09:58","guid":{"rendered":"https:\/\/lavozdesanesteban.cl\/?p=3427"},"modified":"2023-07-12T04:09:59","modified_gmt":"2023-07-12T04:09:59","slug":"profesional-del-departamento-de-educacion-municipal-de-san-esteban-entrega-recomendaciones-para-fomentar-la-lectura-durante-las-vacaciones-de-invierno","status":"publish","type":"post","link":"https:\/\/lavozdesanesteban.cl\/index.php\/2023\/07\/12\/profesional-del-departamento-de-educacion-municipal-de-san-esteban-entrega-recomendaciones-para-fomentar-la-lectura-durante-las-vacaciones-de-invierno\/","title":{"rendered":"Profesional del Departamento de Educaci\u00f3n Municipal de San Esteban entrega recomendaciones para fomentar la lectura durante las vacaciones de invierno"},"content":{"rendered":"\n<p><strong><br><br><\/strong><\/p>\n\n\n\n<ul><li>La psic\u00f3loga del DAEM, Paola Carvajal, comparti\u00f3 una serie de recomendaciones para fomentar el h\u00e1bito de la lectura para los ni\u00f1os durante este periodo de descanso.<\/li><\/ul>\n\n\n\n<p>Las vacaciones de invierno sin duda que son un espacio de descanso y ocio para los ni\u00f1os y ni\u00f1as, sin embargo, tambi\u00e9n puede ser una excelente oportunidad para reforzar y fortalecer el h\u00e1bito de la lectura. Es debido a esto que, la psic\u00f3loga del Departamento de Educaci\u00f3n Municipal de San Esteban, Paola Carvajal, entreg\u00f3 una serie de recomendaciones que permitir\u00e1n estimular la imaginaci\u00f3n, fortalecer el vocabulario y disfrutar de momentos de entretenimiento y aprendizaje.<\/p>\n\n\n\n<p>En ese sentido, la profesional afirm\u00f3 que \u201csi bien en las vacaciones uno siempre piensa que es una instancia de ocio y relajo, tambi\u00e9n es un momento propicio para que los m\u00e1s peque\u00f1os y adolescentes de la casa tomen gusto por la lectura, la que adem\u00e1s ayudar\u00e1 a estimularlos para cuando vuelven a clases, tambi\u00e9n les permitir\u00e1 desarrollar su creatividad, pensamiento cr\u00edtico y mejorar su nivel educativo\u201d.<\/p>\n\n\n\n<p>Para Carvajal, es fundamental el apoyo permanente y despertar la curiosidad de las y los ni\u00f1os: \u201cUna de las cosas que podr\u00edamos hacer es motivarlos, y para hacerlo, podemos visitar la biblioteca municipal de san esteban, lugar donde ellos puedan buscar no solo libros, sino tambi\u00e9n enciclopedias, comics y leer temas que sean de su agrado. Ahora bien, una forma de estrategia para incentivar la lectura en nuestros ni\u00f1os y ni\u00f1as es acompa\u00f1arlos y hacer lectura en conjunto, una parte t\u00fa (los padres), una parte ellos y otra forma de fomentar es hacer lectura por las ma\u00f1anas y durante las noches. Para los chicos y chicas m\u00e1s adolescentes, les puedo comentar que perm\u00edtanles a sus adolescentes elegir lo que ellos quieran leer, conversar sus lecturas y que sus lecturas se transformen en una pasi\u00f3n\u201d.<\/p>\n\n\n\n<p>Siguiendo esa l\u00ednea, la profesional de DAEM reafirm\u00f3 en la importancia de las familias en establecer la lectura como algo fundamental e importante para el desarrollo intelectual de los ni\u00f1os y ni\u00f1as.<\/p>\n","protected":false},"excerpt":{"rendered":"<p>La psic\u00f3loga del DAEM, Paola Carvajal, comparti\u00f3 una serie de recomendaciones para fomentar el h\u00e1bito de la lectura para los ni\u00f1os durante este periodo de descanso. Las vacaciones de invierno sin duda que son un espacio de descanso y ocio para los ni\u00f1os y ni\u00f1as, sin embargo, tambi\u00e9n puede ser una excelente oportunidad para reforzar &hellip;<\/p>\n","protected":false},"author":2,"featured_media":3428,"comment_status":"open","ping_status":"open","sticky":false,"template":"","format":"standard","meta":{"spay_email":""},"categories":[2],"tags":[8],"jetpack_featured_media_url":"https:\/\/lavozdesanesteban.cl\/wp-content\/uploads\/2023\/07\/IMAGEN-LECTURA.png","_links":{"self":[{"href":"https:\/\/lavozdesanesteban.cl\/index.php\/wp-json\/wp\/v2\/posts\/3427"}],"collection":[{"href":"https:\/\/lavozdesanesteban.cl\/index.php\/wp-json\/wp\/v2\/posts"}],"about":[{"href":"https:\/\/lavozdesanesteban.cl\/index.php\/wp-json\/wp\/v2\/types\/post"}],"author":[{"embeddable":true,"href":"https:\/\/lavozdesanesteban.cl\/index.php\/wp-json\/wp\/v2\/users\/2"}],"replies":[{"embeddable":true,"href":"https:\/\/lavozdesanesteban.cl\/index.php\/wp-json\/wp\/v2\/comments?post=3427"}],"version-history":[{"count":1,"href":"https:\/\/lavozdesanesteban.cl\/index.php\/wp-json\/wp\/v2\/posts\/3427\/revisions"}],"predecessor-version":[{"id":3429,"href":"https:\/\/lavozdesanesteban.cl\/index.php\/wp-json\/wp\/v2\/posts\/3427\/revisions\/3429"}],"wp:featuredmedia":[{"embeddable":true,"href":"https:\/\/lavozdesanesteban.cl\/index.php\/wp-json\/wp\/v2\/media\/3428"}],"wp:attachment":[{"href":"https:\/\/lavozdesanesteban.cl\/index.php\/wp-json\/wp\/v2\/media?parent=3427"}],"wp:term":[{"taxonomy":"category","embeddable":true,"href":"https:\/\/lavozdesanesteban.cl\/index.php\/wp-json\/wp\/v2\/categories?post=3427"},{"taxonomy":"post_tag","embeddable":true,"href":"https:\/\/lavozdesanesteban.cl\/index.php\/wp-json\/wp\/v2\/tags?post=3427"}],"curies":[{"name":"wp","href":"https:\/\/api.w.org\/{rel}","templated":true}]}}