{"id":3433,"date":"2023-07-12T04:30:02","date_gmt":"2023-07-12T04:30:02","guid":{"rendered":"https:\/\/lavozdesanesteban.cl\/?p=3433"},"modified":"2023-07-12T04:30:04","modified_gmt":"2023-07-12T04:30:04","slug":"equipos-de-prodesal-y-oficina-agropecuaria-de-san-esteban-realizaron-exitoso-operativo-veterinario-en-conjunto-con-estudiantes-de-la-universidad-de-las-americas","status":"publish","type":"post","link":"https:\/\/lavozdesanesteban.cl\/index.php\/2023\/07\/12\/equipos-de-prodesal-y-oficina-agropecuaria-de-san-esteban-realizaron-exitoso-operativo-veterinario-en-conjunto-con-estudiantes-de-la-universidad-de-las-americas\/","title":{"rendered":"Equipos de Prodesal y oficina agropecuaria de San Esteban realizaron exitoso operativo veterinario en conjunto con estudiantes de la Universidad de las Am\u00e9ricas"},"content":{"rendered":"\n<p><\/p>\n\n\n\n<ul><li>Usuarias &nbsp;y usuarios de diferentes grupos etarios disfrutaron de la actividad f\u00edsica.<\/li><\/ul>\n\n\n\n<p>Hasta los sectores de El Carrizo y El Huape se trasladaron los equipos de Prodesal y la Oficina municipal agropecuaria de San Esteban en conjunto con un grupo de estudiantes de cuarto y quinto a\u00f1o de la carrera de medicina veterinaria de la Universidad de Las Am\u00e9ricas. El objetivo fue realizar un operativo de manejo sanitario para bovinos y vacunos.<\/p>\n\n\n\n<p>Esta alianza permite a los universitarios conocer en terreno las atenciones que los equipos municipales realizan y poner en pr\u00e1ctica el conocimiento impartido por su casa de estudios.<\/p>\n\n\n\n<p>La iniciativa ten\u00eda como principal foco, suministrar vacunas, vitaminas y antiparasitarios, as\u00ed como tambi\u00e9n evaluar el estado de salud en que se encontraban los animales.<\/p>\n\n\n\n<p>Jos\u00e9 Miguel Parraguez, veterinario de la oficina de Prodesal de San Esteban, manifest\u00f3 que \u201crealizamos un exitoso operativo con los estudiantes de la Universidad de Las Am\u00e9ricas en los sectores de El Carrizo y El Huape, para poder atender a estos animales. Nos pone muy contento el que podamos realizar estas iniciativas que son de mucha ayuda para nosotros y, para ellos, de mucho aprendizaje\u201d, afirm\u00f3.<\/p>\n\n\n\n<p>Este tipo de pr\u00e1cticas se desarrollan continuamente gracias a un trabajo colaborativo que Prodesal de San Esteban tiene con la casa de estudios, lo que facilita la posibilidad de que m\u00e1s estudiantes generen acciones y operativos que permitan ir en ayuda de los vecinos de la comuna.<\/p>\n","protected":false},"excerpt":{"rendered":"<p>Usuarias &nbsp;y usuarios de diferentes grupos etarios disfrutaron de la actividad f\u00edsica. Hasta los sectores de El Carrizo y El Huape se trasladaron los equipos de Prodesal y la Oficina municipal agropecuaria de San Esteban en conjunto con un grupo de estudiantes de cuarto y quinto a\u00f1o de la carrera de medicina veterinaria de la &hellip;<\/p>\n","protected":false},"author":2,"featured_media":3434,"comment_status":"open","ping_status":"open","sticky":false,"template":"","format":"standard","meta":{"spay_email":""},"categories":[2],"tags":[8],"jetpack_featured_media_url":"https:\/\/lavozdesanesteban.cl\/wp-content\/uploads\/2023\/07\/OPERATIVO-2.jpg","_links":{"self":[{"href":"https:\/\/lavozdesanesteban.cl\/index.php\/wp-json\/wp\/v2\/posts\/3433"}],"collection":[{"href":"https:\/\/lavozdesanesteban.cl\/index.php\/wp-json\/wp\/v2\/posts"}],"about":[{"href":"https:\/\/lavozdesanesteban.cl\/index.php\/wp-json\/wp\/v2\/types\/post"}],"author":[{"embeddable":true,"href":"https:\/\/lavozdesanesteban.cl\/index.php\/wp-json\/wp\/v2\/users\/2"}],"replies":[{"embeddable":true,"href":"https:\/\/lavozdesanesteban.cl\/index.php\/wp-json\/wp\/v2\/comments?post=3433"}],"version-history":[{"count":1,"href":"https:\/\/lavozdesanesteban.cl\/index.php\/wp-json\/wp\/v2\/posts\/3433\/revisions"}],"predecessor-version":[{"id":3435,"href":"https:\/\/lavozdesanesteban.cl\/index.php\/wp-json\/wp\/v2\/posts\/3433\/revisions\/3435"}],"wp:featuredmedia":[{"embeddable":true,"href":"https:\/\/lavozdesanesteban.cl\/index.php\/wp-json\/wp\/v2\/media\/3434"}],"wp:attachment":[{"href":"https:\/\/lavozdesanesteban.cl\/index.php\/wp-json\/wp\/v2\/media?parent=3433"}],"wp:term":[{"taxonomy":"category","embeddable":true,"href":"https:\/\/lavozdesanesteban.cl\/index.php\/wp-json\/wp\/v2\/categories?post=3433"},{"taxonomy":"post_tag","embeddable":true,"href":"https:\/\/lavozdesanesteban.cl\/index.php\/wp-json\/wp\/v2\/tags?post=3433"}],"curies":[{"name":"wp","href":"https:\/\/api.w.org\/{rel}","templated":true}]}}