{"id":3439,"date":"2023-07-12T04:36:15","date_gmt":"2023-07-12T04:36:15","guid":{"rendered":"https:\/\/lavozdesanesteban.cl\/?p=3439"},"modified":"2023-07-12T04:36:16","modified_gmt":"2023-07-12T04:36:16","slug":"aro-aro-aro-municipalidad-de-calle-larga-convoca-a-inscripciones-para-el-campeonato-comunal-de-cueca-del-adulto-mayor-2023","status":"publish","type":"post","link":"https:\/\/lavozdesanesteban.cl\/index.php\/2023\/07\/12\/aro-aro-aro-municipalidad-de-calle-larga-convoca-a-inscripciones-para-el-campeonato-comunal-de-cueca-del-adulto-mayor-2023\/","title":{"rendered":"\u00a1Aro, aro, aro! Municipalidad de Calle Larga convoca a inscripciones para el Campeonato Comunal de Cueca del Adulto Mayor 2023"},"content":{"rendered":"\n<p><\/p>\n\n\n\n<p>Ya est\u00e1n disponibles las inscripciones, para que personas mayores, amantes de la cueca puedan participar en el Campeonato Comunal de Cueca 2023.&nbsp;<\/p>\n\n\n\n<p>Hasta el mi\u00e9rcoles 19 de<a><\/a> julio, las y los interesados podr\u00e1n acercarse a la Oficina de Persona Mayores ubicada en dependencias de DIDECO, calle La Pampilla 164.<\/p>\n\n\n\n<p>Podr\u00e1n postular personas sobre los 60 a\u00f1os, autovalentes, de nacionalidad chilena, residentes de la comuna o pertenecientes de forma activa en alguna Organizaci\u00f3n Comunitaria con personalidad y directivas vigentes en este a\u00f1o. Las bases del certamen est\u00e1n publicadas en el Facebook oficial del municipio, Calle Larga Municipalidad.<\/p>\n\n\n\n<p>La competencia est\u00e1 calendarizada para el 20 de junio a las 15:00 hrs. en el gimnasio municipal. Ah\u00ed dos parejas ser\u00e1n seleccionadas para representar a Calle Larga en el Campeonato Provincial de Cueca del Adulto Mayor el 10 de agosto, en la comuna de Los Andes.<\/p>\n\n\n\n<p>\u201cEl principal objetivo de este campeonato es mantener las tradiciones con nuestras y nuestros adultos mayores, junto con demostrar que a\u00fan son capaces de realizar muchas actividades\u201d, indic\u00f3 la encargada de la Oficina de Personas Mayores, Marcela Carvallo.<\/p>\n\n\n\n<p>El jurado evaluar\u00e1 a las y los concursantes mediante criterios de evaluaci\u00f3n, los cuales incluyen ponderaciones por la estructura de los pasos del baile (cueca huasa de Zona Central de 48 compases), las vestimentas y la actitud.<\/p>\n\n\n\n<p>\u00bfC\u00f3mo hay que inscribirse? Se debe completar un formulario de identificaci\u00f3n hasta el 19 de julio a las 13:30 hrs. en el edificio de la Direcci\u00f3n de Desarrollo Comunitario (DIDECO), ubicado en calle La Pampilla n\u00b0164 o v\u00eda e-mail al correo <a href=\"mailto:mcarvallo@municallelarga.cl\">mcarvallo@municallelarga.cl<\/a>. Tambi\u00e9n, mostrar copia de la c\u00e9dula de identidad. No se reciben postulaciones faltantes de la documentaci\u00f3n requerida.<\/p>\n","protected":false},"excerpt":{"rendered":"<p>Ya est\u00e1n disponibles las inscripciones, para que personas mayores, amantes de la cueca puedan participar en el Campeonato Comunal de Cueca 2023.&nbsp; Hasta el mi\u00e9rcoles 19 de julio, las y los interesados podr\u00e1n acercarse a la Oficina de Persona Mayores ubicada en dependencias de DIDECO, calle La Pampilla 164. Podr\u00e1n postular personas sobre los 60 &hellip;<\/p>\n","protected":false},"author":2,"featured_media":3440,"comment_status":"open","ping_status":"open","sticky":false,"template":"","format":"standard","meta":{"spay_email":""},"categories":[7],"tags":[8],"jetpack_featured_media_url":"https:\/\/lavozdesanesteban.cl\/wp-content\/uploads\/2023\/07\/CUECA.jpg","_links":{"self":[{"href":"https:\/\/lavozdesanesteban.cl\/index.php\/wp-json\/wp\/v2\/posts\/3439"}],"collection":[{"href":"https:\/\/lavozdesanesteban.cl\/index.php\/wp-json\/wp\/v2\/posts"}],"about":[{"href":"https:\/\/lavozdesanesteban.cl\/index.php\/wp-json\/wp\/v2\/types\/post"}],"author":[{"embeddable":true,"href":"https:\/\/lavozdesanesteban.cl\/index.php\/wp-json\/wp\/v2\/users\/2"}],"replies":[{"embeddable":true,"href":"https:\/\/lavozdesanesteban.cl\/index.php\/wp-json\/wp\/v2\/comments?post=3439"}],"version-history":[{"count":1,"href":"https:\/\/lavozdesanesteban.cl\/index.php\/wp-json\/wp\/v2\/posts\/3439\/revisions"}],"predecessor-version":[{"id":3441,"href":"https:\/\/lavozdesanesteban.cl\/index.php\/wp-json\/wp\/v2\/posts\/3439\/revisions\/3441"}],"wp:featuredmedia":[{"embeddable":true,"href":"https:\/\/lavozdesanesteban.cl\/index.php\/wp-json\/wp\/v2\/media\/3440"}],"wp:attachment":[{"href":"https:\/\/lavozdesanesteban.cl\/index.php\/wp-json\/wp\/v2\/media?parent=3439"}],"wp:term":[{"taxonomy":"category","embeddable":true,"href":"https:\/\/lavozdesanesteban.cl\/index.php\/wp-json\/wp\/v2\/categories?post=3439"},{"taxonomy":"post_tag","embeddable":true,"href":"https:\/\/lavozdesanesteban.cl\/index.php\/wp-json\/wp\/v2\/tags?post=3439"}],"curies":[{"name":"wp","href":"https:\/\/api.w.org\/{rel}","templated":true}]}}