{"id":3445,"date":"2023-07-12T04:42:24","date_gmt":"2023-07-12T04:42:24","guid":{"rendered":"https:\/\/lavozdesanesteban.cl\/?p=3445"},"modified":"2023-07-12T04:42:26","modified_gmt":"2023-07-12T04:42:26","slug":"mas-de-2-mil-500-asistentes-recibio-durante-la-primera-semana-de-funcionamiento-la-pista-de-hielo-ecologica-de-calle-larga","status":"publish","type":"post","link":"https:\/\/lavozdesanesteban.cl\/index.php\/2023\/07\/12\/mas-de-2-mil-500-asistentes-recibio-durante-la-primera-semana-de-funcionamiento-la-pista-de-hielo-ecologica-de-calle-larga\/","title":{"rendered":"M\u00e1s de 2 mil 500 asistentes recibi\u00f3 durante la primera semana de funcionamiento la Pista de hielo Ecol\u00f3gica de Calle Larga"},"content":{"rendered":"\n<p><\/p>\n\n\n\n<p><a><strong>Hasta el 16 de julio, familias de la comuna podr\u00e1n visitar la pista, previa inscripci\u00f3n en el punto habilitado en dependencias del municipio<\/strong><\/a><\/p>\n\n\n\n<p>Innovadora, sustentable y gratuita. Con estas bondades, la pista de hielo ecol\u00f3gica situada en la plaza central de la comuna, sigue conquistando a la comunidad callelarguina y se ha posicionado como un panorama familiar clave en las vacaciones de invierno de este a\u00f1o. Las cifras hablan por s\u00ed solas: a diario participan m\u00e1s de 400 personas y un total que supera los 2.500 asistentes en su primera semana de funcionamiento.<\/p>\n\n\n\n<p>\u201cInvitamos a las y los vecinos a que se acerquen a los puntos de inscripci\u00f3n establecidos; el principal est\u00e1 en el municipio atendiendo desde las 10:00 a las 13:30 hrs. Es ideal que lleguen inscritos, as\u00ed se asegura la posibilidad de entrar en la pista. No siempre tenemos disponibilidad si llegan directamente a la plaza. Estamos muy felices y queremos seguir replicando este tipo de actividades novedosas, amigables con la infancia y el medio ambiente\u201d, coment\u00f3 la alcaldesa de Calle Larga, Dina Gonz\u00e1lez.<\/p>\n\n\n\n<p>Las opiniones favorables fueron transversales, al igual que la aceptaci\u00f3n del p\u00fablico en caso de repetirse esta gesti\u00f3n a futuro. Se espera que para la pr\u00f3xima semana las cifras de adhesi\u00f3n sean similares.<\/p>\n\n\n\n<p>Junto a su hija disfrutando de la pista, Francisca Jara, vecina de la comuna, celebra el evento. \u201cEs una excelente instancia para las familias, porque nos permite compartir con nuestros ni\u00f1os y ni\u00f1as en estas vacaciones de invierno. Adem\u00e1s, debemos destacar que nuestra municipalidad es de las pocas con este tipo de iniciativas y ojal\u00e1 sirva de inspiraci\u00f3n para otros municipios\u201d, manifest\u00f3.<\/p>\n\n\n\n<p>\u201cMe pareci\u00f3 muy divertida y como es una pista sin hielo, no da tanto fr\u00edo\u201d, dijo Santiago Le\u00f3n, ni\u00f1o asistente al recinto recreativo que por primera vez patin\u00f3 en un espacio de este tipo.<\/p>\n\n\n\n<p>Por su parte, Exequiel Arancibia, otro peque\u00f1o participante fue categ\u00f3rico: \u201c\u00a1Me encanta! Ac\u00e1 hay mucha diversi\u00f3n y pude venir con mi familia\u201d.<\/p>\n\n\n\n<p>El ovacionado encuentro deportivo se mantendr\u00e1 hasta el 16 de julio, desde las 16:00 hasta las 20:00 horas. Solo podr\u00e1n ingresar a la pista residentes de la comuna, ni\u00f1as y ni\u00f1os desde los 5 a\u00f1os y los adultos sin tope de edad, adem\u00e1s se proporcionar\u00e1n patines y cascos. Recordar que hay implementos para guiar a quienes no saben patinar y quieren aprender, junto a personal capacitado para mayor seguridad.&nbsp;<\/p>\n\n\n\n<p>Sin dudas, lo m\u00e1s importante para llevar son las ganas de disfrutar de esta experiencia inolvidable.<\/p>\n","protected":false},"excerpt":{"rendered":"<p>Hasta el 16 de julio, familias de la comuna podr\u00e1n visitar la pista, previa inscripci\u00f3n en el punto habilitado en dependencias del municipio Innovadora, sustentable y gratuita. Con estas bondades, la pista de hielo ecol\u00f3gica situada en la plaza central de la comuna, sigue conquistando a la comunidad callelarguina y se ha posicionado como un &hellip;<\/p>\n","protected":false},"author":2,"featured_media":3446,"comment_status":"open","ping_status":"open","sticky":false,"template":"","format":"standard","meta":{"spay_email":""},"categories":[7],"tags":[8],"jetpack_featured_media_url":"https:\/\/lavozdesanesteban.cl\/wp-content\/uploads\/2023\/07\/PISTAS-scaled.jpg","_links":{"self":[{"href":"https:\/\/lavozdesanesteban.cl\/index.php\/wp-json\/wp\/v2\/posts\/3445"}],"collection":[{"href":"https:\/\/lavozdesanesteban.cl\/index.php\/wp-json\/wp\/v2\/posts"}],"about":[{"href":"https:\/\/lavozdesanesteban.cl\/index.php\/wp-json\/wp\/v2\/types\/post"}],"author":[{"embeddable":true,"href":"https:\/\/lavozdesanesteban.cl\/index.php\/wp-json\/wp\/v2\/users\/2"}],"replies":[{"embeddable":true,"href":"https:\/\/lavozdesanesteban.cl\/index.php\/wp-json\/wp\/v2\/comments?post=3445"}],"version-history":[{"count":1,"href":"https:\/\/lavozdesanesteban.cl\/index.php\/wp-json\/wp\/v2\/posts\/3445\/revisions"}],"predecessor-version":[{"id":3447,"href":"https:\/\/lavozdesanesteban.cl\/index.php\/wp-json\/wp\/v2\/posts\/3445\/revisions\/3447"}],"wp:featuredmedia":[{"embeddable":true,"href":"https:\/\/lavozdesanesteban.cl\/index.php\/wp-json\/wp\/v2\/media\/3446"}],"wp:attachment":[{"href":"https:\/\/lavozdesanesteban.cl\/index.php\/wp-json\/wp\/v2\/media?parent=3445"}],"wp:term":[{"taxonomy":"category","embeddable":true,"href":"https:\/\/lavozdesanesteban.cl\/index.php\/wp-json\/wp\/v2\/categories?post=3445"},{"taxonomy":"post_tag","embeddable":true,"href":"https:\/\/lavozdesanesteban.cl\/index.php\/wp-json\/wp\/v2\/tags?post=3445"}],"curies":[{"name":"wp","href":"https:\/\/api.w.org\/{rel}","templated":true}]}}