{"id":3448,"date":"2023-07-14T04:19:30","date_gmt":"2023-07-14T04:19:30","guid":{"rendered":"https:\/\/lavozdesanesteban.cl\/?p=3448"},"modified":"2023-07-14T04:19:32","modified_gmt":"2023-07-14T04:19:32","slug":"municipio-de-san-esteban-entrego-ayuda-permanente-a-vecinos-de-rio-colorado-para-prepararse-ante-frentes-climaticos","status":"publish","type":"post","link":"https:\/\/lavozdesanesteban.cl\/index.php\/2023\/07\/14\/municipio-de-san-esteban-entrego-ayuda-permanente-a-vecinos-de-rio-colorado-para-prepararse-ante-frentes-climaticos\/","title":{"rendered":"Municipio de San Esteban entreg\u00f3 ayuda permanente a vecinos de R\u00edo Colorado para prepararse ante frentes clim\u00e1ticos"},"content":{"rendered":"\n<p><\/p>\n\n\n\n<p><em>Las y los vecinos de Los Chacayes Alto y Los Espinos recibieron 8 estanques de agua y madera para reparar pasarelas peatonales.<\/em><\/p>\n\n\n\n<p>Durante las \u00faltimas semanas de junio, las comunas del Valle del Aconcagua se vieron afectadas por un temporal que azot\u00f3 a las personas que viven en los sectores m\u00e1s alejados, incluyendo a las y los vecinos de Los Espinos y Los Chacayes Alto en San Esteban, quienes presentaron problemas frente a la turbiedad de las aguas de la red APR.<\/p>\n\n\n\n<p>En ese contexto, el municipio de San Esteban ofreci\u00f3 ayuda oportuna a las personas de los sectores a trav\u00e9s del abastecimiento de agua potable con camiones aljibes, y para prepararse ante otro evento de similares caracter\u00edsticas, se han instalado 8 estanques de agua en las comunidades, para facilitar el acceso al agua potable cuando las condiciones del clima no lo permitan. Esta gran inversi\u00f3n, que incluy\u00f3 tambi\u00e9n madera para la reparaci\u00f3n de puentes, fue realizada con fondos de emergencia del Ministerio del Interior, de SENAPRED y fondos municipales.<\/p>\n\n\n\n<p>\u201cBueno hoy hicimos entrega a los vecinos del Camino Internacional de distintas ayudas, especialmente estanques para el agua potable y tablones para los puentes y distintas necesidades que ten\u00edan a ra\u00edz del temporal de lluvia que tuvimos en la \u00faltima semana en San Esteban. As\u00ed que estamos muy contentos con esta ayuda, seguimos ac\u00e1 en camino internacional supervisando y viendo cu\u00e1l es la situaci\u00f3n y apoyando y ayudando a nuestros vecinos\u201d, coment\u00f3 el Alcalde Christian Ortega.<\/p>\n\n\n\n<p>Las dirigentes de las juntas de vecinos recibieron la ayuda y mostraron su agradecimiento: \u201cYo estoy muy agradecida por el tema de los estanques, porque esto es muy necesario para las personas del sector alto, ya que con la lluvia del otro d\u00eda quedamos sin agua y la gente no ten\u00eda d\u00f3nde acumular agua y el cami\u00f3n, por el estado del camino, no pod\u00eda subir donde viven estos vecinos, as\u00ed que muy agradecida de la municipalidad, el alcalde y su equipo, porque se han portado muy bien con nosotros\u201d, agreg\u00f3 Norma Arredondo, presidenta de la Junta de Vecinos de Los Chacayes Alto.<\/p>\n\n\n\n<p>Cabe destacar que el compromiso de ayudar a los vecinos naci\u00f3 de la actual administraci\u00f3n, que pretende seguir descentralizando los beneficios en San Esteban, buscando mejorar la calidad de vida de todas y todos los sanestebinos independiente del sector en el que vivan.<\/p>\n","protected":false},"excerpt":{"rendered":"<p>Las y los vecinos de Los Chacayes Alto y Los Espinos recibieron 8 estanques de agua y madera para reparar pasarelas peatonales. Durante las \u00faltimas semanas de junio, las comunas del Valle del Aconcagua se vieron afectadas por un temporal que azot\u00f3 a las personas que viven en los sectores m\u00e1s alejados, incluyendo a las &hellip;<\/p>\n","protected":false},"author":2,"featured_media":3449,"comment_status":"open","ping_status":"open","sticky":false,"template":"","format":"standard","meta":{"spay_email":""},"categories":[2],"tags":[8],"jetpack_featured_media_url":"https:\/\/lavozdesanesteban.cl\/wp-content\/uploads\/2023\/07\/Estanques-de-Agua-Vecinos-Ri\u0301o-Colorado-2-scaled.jpg","_links":{"self":[{"href":"https:\/\/lavozdesanesteban.cl\/index.php\/wp-json\/wp\/v2\/posts\/3448"}],"collection":[{"href":"https:\/\/lavozdesanesteban.cl\/index.php\/wp-json\/wp\/v2\/posts"}],"about":[{"href":"https:\/\/lavozdesanesteban.cl\/index.php\/wp-json\/wp\/v2\/types\/post"}],"author":[{"embeddable":true,"href":"https:\/\/lavozdesanesteban.cl\/index.php\/wp-json\/wp\/v2\/users\/2"}],"replies":[{"embeddable":true,"href":"https:\/\/lavozdesanesteban.cl\/index.php\/wp-json\/wp\/v2\/comments?post=3448"}],"version-history":[{"count":1,"href":"https:\/\/lavozdesanesteban.cl\/index.php\/wp-json\/wp\/v2\/posts\/3448\/revisions"}],"predecessor-version":[{"id":3450,"href":"https:\/\/lavozdesanesteban.cl\/index.php\/wp-json\/wp\/v2\/posts\/3448\/revisions\/3450"}],"wp:featuredmedia":[{"embeddable":true,"href":"https:\/\/lavozdesanesteban.cl\/index.php\/wp-json\/wp\/v2\/media\/3449"}],"wp:attachment":[{"href":"https:\/\/lavozdesanesteban.cl\/index.php\/wp-json\/wp\/v2\/media?parent=3448"}],"wp:term":[{"taxonomy":"category","embeddable":true,"href":"https:\/\/lavozdesanesteban.cl\/index.php\/wp-json\/wp\/v2\/categories?post=3448"},{"taxonomy":"post_tag","embeddable":true,"href":"https:\/\/lavozdesanesteban.cl\/index.php\/wp-json\/wp\/v2\/tags?post=3448"}],"curies":[{"name":"wp","href":"https:\/\/api.w.org\/{rel}","templated":true}]}}