{"id":3451,"date":"2023-07-14T04:23:15","date_gmt":"2023-07-14T04:23:15","guid":{"rendered":"https:\/\/lavozdesanesteban.cl\/?p=3451"},"modified":"2023-07-14T04:23:16","modified_gmt":"2023-07-14T04:23:16","slug":"mas-de-260-estudiantes-fueron-beneficiados-con-la-beca-de-educacion-superior-entregadas-por-la-municipalidad-de-san-esteban","status":"publish","type":"post","link":"https:\/\/lavozdesanesteban.cl\/index.php\/2023\/07\/14\/mas-de-260-estudiantes-fueron-beneficiados-con-la-beca-de-educacion-superior-entregadas-por-la-municipalidad-de-san-esteban\/","title":{"rendered":"M\u00e1s de 260 estudiantes fueron beneficiados con la Beca de Educaci\u00f3n Superior entregadas por la Municipalidad de San Esteban"},"content":{"rendered":"\n<p><\/p>\n\n\n\n<ul><li>Esta inversi\u00f3n, que supera los 27 millones de pesos, aument\u00f3 considerablemente respecto al a\u00f1o anterior.<strong><\/strong><\/li><\/ul>\n\n\n\n<p>Durante la ma\u00f1ana de este mi\u00e9rcoles, se realiz\u00f3 con \u00e9xito la entrega de la Beca municipal de Educaci\u00f3n Superior \u201cSan Esteban\u00bb, la cual tiene como principal objetivo, apoyar a las vecinas y vecinos&nbsp; que cursan alguna carrera t\u00e9cnica o profesional.<\/p>\n\n\n\n<p>Para este a\u00f1o 2023, la administraci\u00f3n del alcalde Ortega aument\u00f3 la inversi\u00f3n y la cantidad de beneficiarios, superando los 27 millones de pesos y los 267 estudiantes.<\/p>\n\n\n\n<p>Gracias a este apoyo, podr\u00e1n destinar estos recursos en gastos educacionales, como lo es la movilizaci\u00f3n, alimentaci\u00f3n, alojamiento u otros.<\/p>\n\n\n\n<p>Un punto importante a destacar es que por segundo a\u00f1o consecutivo la administraci\u00f3n continua respetando su pol\u00edtica comunal respecto al medioambiente, optando por un proceso digital, transferiendo los recursos a las cuentas de los estudiantes, impulsando la no emisi\u00f3n del papel y la utilizaci\u00f3n del cheque f\u00edsico.<\/p>\n\n\n\n<p>El alcalde Christian Ortega, junto a su equipo de la Direcci\u00f3n de Desarrollo Comunitario (DIDECO), felicitaron a cada uno de los estudiantes beneficiados y los instaron a continuar perfeccion\u00e1ndose.<\/p>\n\n\n\n<p>Por su parte, el Director de Desarrollo Comunitario, Exequiel Vald\u00e9s, coment\u00f3 que esta entrega sin duda favorecer\u00e1 a muchas familias: \u201cEstamos contentos de poder entregar este beneficio estudiantil para nuestros estudiantes de la comuna. A pesar de la situaci\u00f3n clim\u00e1tica, los beneficiados llegaron en masa para recibir un reconocimiento y el beneficio como tal\u201d.<\/p>\n\n\n\n<p>En ese sentido, el directivo continuo: \u201cComo administraci\u00f3n, nos pone muy contentos, nuestro alcalde Christian Ortega nos se\u00f1al\u00f3 que a pesar de todo lo que pueda pasar, hoy deb\u00edamos hacer entrega de estos beneficios a los estudiantes; los pagos se realizaran en un rango de estos d\u00edas, donde se les har\u00e1 transferencias a sus cuentas y con el retiro de los cheques\u201d, agreg\u00f3 el profesional<\/p>\n\n\n\n<p>De la misma manera, los estudiantes beneficiados agradecieron esta iniciativa &nbsp;del muncipio, se\u00f1alando que \u201ces un beneficio muy bueno para nosotros, porque hoy en d\u00eda los beneficios que se entregan son muy pocos y el que se puedan entregar estos beneficios a los estudiantes universitarios, que se est\u00e1n formando para ayudar a crecer el pa\u00eds, por lo que me parece s\u00faper importante que el municipio de San Esteban haga este tipo de acciones\u201d; \u201cyo considero que es un aporte que en verdad ayuda harto en cuanto a los gastos que uno hace en los estudios como lo es la mensualidad, y m\u00e1s a\u00fan cuando uno vive afuera, que es mi caso\u201d; \u201cencuentro que es un apoyo s\u00faper bueno porque ayuda mucho con el tema de los gastos universitarios, ya que en mi caso, tengo que viajar todos los d\u00edas a Santiago. Entonces con este beneficio me va a alivianar la carga econ\u00f3mica, sobre todo para mi mam\u00e1\u201d.<\/p>\n","protected":false},"excerpt":{"rendered":"<p>Esta inversi\u00f3n, que supera los 27 millones de pesos, aument\u00f3 considerablemente respecto al a\u00f1o anterior. Durante la ma\u00f1ana de este mi\u00e9rcoles, se realiz\u00f3 con \u00e9xito la entrega de la Beca municipal de Educaci\u00f3n Superior \u201cSan Esteban\u00bb, la cual tiene como principal objetivo, apoyar a las vecinas y vecinos&nbsp; que cursan alguna carrera t\u00e9cnica o profesional. &hellip;<\/p>\n","protected":false},"author":2,"featured_media":3452,"comment_status":"open","ping_status":"open","sticky":false,"template":"","format":"standard","meta":{"spay_email":""},"categories":[2],"tags":[8],"jetpack_featured_media_url":"https:\/\/lavozdesanesteban.cl\/wp-content\/uploads\/2023\/07\/ENTREGA-DE-BECAS-EDUCACION-SUPERIOR-SAN-ESTEBAN-2023-scaled.jpg","_links":{"self":[{"href":"https:\/\/lavozdesanesteban.cl\/index.php\/wp-json\/wp\/v2\/posts\/3451"}],"collection":[{"href":"https:\/\/lavozdesanesteban.cl\/index.php\/wp-json\/wp\/v2\/posts"}],"about":[{"href":"https:\/\/lavozdesanesteban.cl\/index.php\/wp-json\/wp\/v2\/types\/post"}],"author":[{"embeddable":true,"href":"https:\/\/lavozdesanesteban.cl\/index.php\/wp-json\/wp\/v2\/users\/2"}],"replies":[{"embeddable":true,"href":"https:\/\/lavozdesanesteban.cl\/index.php\/wp-json\/wp\/v2\/comments?post=3451"}],"version-history":[{"count":1,"href":"https:\/\/lavozdesanesteban.cl\/index.php\/wp-json\/wp\/v2\/posts\/3451\/revisions"}],"predecessor-version":[{"id":3453,"href":"https:\/\/lavozdesanesteban.cl\/index.php\/wp-json\/wp\/v2\/posts\/3451\/revisions\/3453"}],"wp:featuredmedia":[{"embeddable":true,"href":"https:\/\/lavozdesanesteban.cl\/index.php\/wp-json\/wp\/v2\/media\/3452"}],"wp:attachment":[{"href":"https:\/\/lavozdesanesteban.cl\/index.php\/wp-json\/wp\/v2\/media?parent=3451"}],"wp:term":[{"taxonomy":"category","embeddable":true,"href":"https:\/\/lavozdesanesteban.cl\/index.php\/wp-json\/wp\/v2\/categories?post=3451"},{"taxonomy":"post_tag","embeddable":true,"href":"https:\/\/lavozdesanesteban.cl\/index.php\/wp-json\/wp\/v2\/tags?post=3451"}],"curies":[{"name":"wp","href":"https:\/\/api.w.org\/{rel}","templated":true}]}}