{"id":3454,"date":"2023-07-14T04:28:45","date_gmt":"2023-07-14T04:28:45","guid":{"rendered":"https:\/\/lavozdesanesteban.cl\/?p=3454"},"modified":"2023-07-14T04:28:47","modified_gmt":"2023-07-14T04:28:47","slug":"municipio-de-san-esteban-invita-finalizar-vacaciones-de-invierno-con-llamativo-evento-familiar-de-marionetas-gigantes","status":"publish","type":"post","link":"https:\/\/lavozdesanesteban.cl\/index.php\/2023\/07\/14\/municipio-de-san-esteban-invita-finalizar-vacaciones-de-invierno-con-llamativo-evento-familiar-de-marionetas-gigantes\/","title":{"rendered":"Municipio de San Esteban invita finalizar vacaciones de invierno con llamativo evento familiar de marionetas gigantes"},"content":{"rendered":"\n<p><\/p>\n\n\n\n<ul><li><em>Feria de emprendedores, food trucks y zumba familiar son otras de las atracciones en el evento del pr\u00f3ximo s\u00e1bado 15 de julio.<\/em><\/li><\/ul>\n\n\n\n<p>Frente al pr\u00f3ximo regreso a clases de los escolares, el municipio de San Esteban ha preparado una jornada de diversi\u00f3n familiar en la Plaza de Armas de la comuna, con el fin de dar un cierre a las vacaciones de invierno. La actividad, que se desarrollar\u00e1 este s\u00e1bado 15 de julio entre las 14:00 y las 16:00 horas,&nbsp; tendr\u00e1 como atracci\u00f3n principal la presentaci\u00f3n de marionetas gigantes que realizar\u00e1n un recorrido por los diferentes puntos de la plaza de armas.<\/p>\n\n\n\n<p>El evento es desarrollado por la Direcci\u00f3n de Desarrollo Comunitario, a trav\u00e9s de la Oficina de Cultura, en conjunto con la Compa\u00f1\u00eda \u201cGigantes Sin Fronteras\u201d, quienes brindar\u00e1n este entretenido evento de calidad en la comuna, realizando tres intervenciones durante todo el evento, en donde los espectadores podr\u00e1n disfrutar e interactuar con los personajes como la Pastora Andina \u2013 El Tarkero \u2013 La Llamita y C\u00f3ndor.<\/p>\n\n\n\n<p>Adem\u00e1s, el espect\u00e1culo de las marionetas ser\u00e1 acompa\u00f1ado de diferentes stands de emprendedores, food trucks y zumba, todo esto para que las familias puedan vivir una acogedora jornada y de igual forma, conozcan y se informen sobre las prestaciones que ofrece el municipio, a trav\u00e9s de la Oficina Local de la Ni\u00f1ez.<\/p>\n\n\n\n<p>\u201cQuiero invitarlos para este d\u00eda s\u00e1bado a partir de las 14:00 horas a la plaza de armas de San Esteban, vamos a estar celebrando la \u201cPlaza de la Familia\u201d, una actividad y con un lugar de encuentro y especialmente creado para que asistan con sus ni\u00f1os y ni\u00f1as. Contaremos con diversas actividades, siendo el plato principal un pasacalles con un grupo de marionetas gigantes\u201d, coment\u00f3 el Alcalde Christian Ortega.<\/p>\n","protected":false},"excerpt":{"rendered":"<p>Feria de emprendedores, food trucks y zumba familiar son otras de las atracciones en el evento del pr\u00f3ximo s\u00e1bado 15 de julio. Frente al pr\u00f3ximo regreso a clases de los escolares, el municipio de San Esteban ha preparado una jornada de diversi\u00f3n familiar en la Plaza de Armas de la comuna, con el fin de &hellip;<\/p>\n","protected":false},"author":2,"featured_media":3455,"comment_status":"open","ping_status":"open","sticky":false,"template":"","format":"standard","meta":{"spay_email":""},"categories":[2],"tags":[8],"jetpack_featured_media_url":"https:\/\/lavozdesanesteban.cl\/wp-content\/uploads\/2023\/07\/MARIONETAS-GIGANTES-COMPANIA-SIN-FRONTERAS.jpg","_links":{"self":[{"href":"https:\/\/lavozdesanesteban.cl\/index.php\/wp-json\/wp\/v2\/posts\/3454"}],"collection":[{"href":"https:\/\/lavozdesanesteban.cl\/index.php\/wp-json\/wp\/v2\/posts"}],"about":[{"href":"https:\/\/lavozdesanesteban.cl\/index.php\/wp-json\/wp\/v2\/types\/post"}],"author":[{"embeddable":true,"href":"https:\/\/lavozdesanesteban.cl\/index.php\/wp-json\/wp\/v2\/users\/2"}],"replies":[{"embeddable":true,"href":"https:\/\/lavozdesanesteban.cl\/index.php\/wp-json\/wp\/v2\/comments?post=3454"}],"version-history":[{"count":1,"href":"https:\/\/lavozdesanesteban.cl\/index.php\/wp-json\/wp\/v2\/posts\/3454\/revisions"}],"predecessor-version":[{"id":3456,"href":"https:\/\/lavozdesanesteban.cl\/index.php\/wp-json\/wp\/v2\/posts\/3454\/revisions\/3456"}],"wp:featuredmedia":[{"embeddable":true,"href":"https:\/\/lavozdesanesteban.cl\/index.php\/wp-json\/wp\/v2\/media\/3455"}],"wp:attachment":[{"href":"https:\/\/lavozdesanesteban.cl\/index.php\/wp-json\/wp\/v2\/media?parent=3454"}],"wp:term":[{"taxonomy":"category","embeddable":true,"href":"https:\/\/lavozdesanesteban.cl\/index.php\/wp-json\/wp\/v2\/categories?post=3454"},{"taxonomy":"post_tag","embeddable":true,"href":"https:\/\/lavozdesanesteban.cl\/index.php\/wp-json\/wp\/v2\/tags?post=3454"}],"curies":[{"name":"wp","href":"https:\/\/api.w.org\/{rel}","templated":true}]}}