{"id":3458,"date":"2023-07-21T00:05:49","date_gmt":"2023-07-21T00:05:49","guid":{"rendered":"https:\/\/lavozdesanesteban.cl\/?p=3458"},"modified":"2023-07-21T00:05:51","modified_gmt":"2023-07-21T00:05:51","slug":"alcalde-christian-ortega-expuso-la-seria-problematica-de-ruta-60ch-a-ministra-de-obras-publicas","status":"publish","type":"post","link":"https:\/\/lavozdesanesteban.cl\/index.php\/2023\/07\/21\/alcalde-christian-ortega-expuso-la-seria-problematica-de-ruta-60ch-a-ministra-de-obras-publicas\/","title":{"rendered":"Alcalde Christian Ortega expuso la seria problem\u00e1tica de ruta 60ch a ministra de Obras P\u00fablicas"},"content":{"rendered":"\n<p><\/p>\n\n\n\n<p><em>El jefe comunal, junto a otras autoridades de Aconcagua, expres\u00f3 que es fundamental que de tomen medidas de fondo y que la concesionaria genere proyectos que mejores la seguridad vial de la ruta.<\/em><\/p>\n\n\n\n<p>El Alcalde Christian Ortega, junto a diputados y otras autoridades del Valle de Aconcagua, se reunieron con la Ministra de Obras P\u00fablicas, Jessica L\u00f3pez, para exponer la problem\u00e1tica de la v\u00eda CH60, que lamentablemente ha registrado una seguidilla de accidentes fatales en las ultimas semanas.<\/p>\n\n\n\n<p>Durante la instancia, junto con evidenciar la necesidad de generar prontas mejoras, el jefe comunal plante\u00f3 que se requieren proyectos que desde hace bastante tiempo se est\u00e1n solicitando a la concesionaria a cargo de la autopista, tales como, aumentar de manera urgente la iluminaci\u00f3n en el puente David Garc\u00eda&nbsp; que conecta a San Esteban con Los andes, ya que la predominante oscuridad es un riesgo para la seguridad vial de quienes transitan por ella.<\/p>\n\n\n\n<p>\u201cNosotros tenemos una gran problem\u00e1tica en el Valle del Aconcagua respecto a la seguridad de la autopista, as\u00ed que era fundamental reunirnos con la ministra, agradecer a la diputada Marz\u00e1n tambi\u00e9n por esta gesti\u00f3n y esperamos soluciones, porque eso es lo que necesitamos ahora, soluciones por la seguridad de todas las vecinas y vecinos de Aconcagua\u201d, aclar\u00f3 el alcalde Christian Ortega.<\/p>\n\n\n\n<p>Por su parte, la secretaria de estado manifest\u00f3 que se tomaron compromisos inmediatos: \u201cAl compromiso que llegamos es a hacer una reuni\u00f3n con los alcaldes de la zona de Aconcagua, con el objeto de analizar diversos aspectos de la ruta 60, las condiciones en que est\u00e1 la ruta, el nivel de velocidad que tiene hoy ya que por las condiciones de la ruta, como aqu\u00ed manifestaron, es una ruta por lado solamente. Tambi\u00e9n algunas otras cosas m\u00e1s espec\u00edficas, iluminaci\u00f3n en algunos sectores. Acordamos hacer una reuni\u00f3n all\u00e1 en terreno con el objeto de levantar las distintas demandas, algunas son m\u00e1s estructurales, otras m\u00e1s espec\u00edficas y que eventualmente podr\u00edan resolverse m\u00e1s f\u00e1cilmente con un acuerdo entre el ministerio y la concesionaria\u201d, coment\u00f3 la ministra de Obras P\u00fablicas, Jessica L\u00f3pez.<\/p>\n\n\n\n<p><a><\/a>Cabe destacar que el alcalde de San Esteban ya ha intentado llegar a acuerdos con la concesionaria, principalmente por el camino que une San Esteban y Los Andes, donde la iluminaci\u00f3n es escasa, tornando peligroso el tr\u00e1nsito de los peatones y ciclistas en una de las v\u00edas m\u00e1s concurridas por las y los sanestebinos.<\/p>\n","protected":false},"excerpt":{"rendered":"<p>El jefe comunal, junto a otras autoridades de Aconcagua, expres\u00f3 que es fundamental que de tomen medidas de fondo y que la concesionaria genere proyectos que mejores la seguridad vial de la ruta. El Alcalde Christian Ortega, junto a diputados y otras autoridades del Valle de Aconcagua, se reunieron con la Ministra de Obras P\u00fablicas, &hellip;<\/p>\n","protected":false},"author":2,"featured_media":3459,"comment_status":"open","ping_status":"open","sticky":false,"template":"","format":"standard","meta":{"spay_email":""},"categories":[2],"tags":[8],"jetpack_featured_media_url":"https:\/\/lavozdesanesteban.cl\/wp-content\/uploads\/2023\/07\/ALCALDE-CHRISTIAN-ORTEGA-Y-MOP-1-scaled.jpg","_links":{"self":[{"href":"https:\/\/lavozdesanesteban.cl\/index.php\/wp-json\/wp\/v2\/posts\/3458"}],"collection":[{"href":"https:\/\/lavozdesanesteban.cl\/index.php\/wp-json\/wp\/v2\/posts"}],"about":[{"href":"https:\/\/lavozdesanesteban.cl\/index.php\/wp-json\/wp\/v2\/types\/post"}],"author":[{"embeddable":true,"href":"https:\/\/lavozdesanesteban.cl\/index.php\/wp-json\/wp\/v2\/users\/2"}],"replies":[{"embeddable":true,"href":"https:\/\/lavozdesanesteban.cl\/index.php\/wp-json\/wp\/v2\/comments?post=3458"}],"version-history":[{"count":1,"href":"https:\/\/lavozdesanesteban.cl\/index.php\/wp-json\/wp\/v2\/posts\/3458\/revisions"}],"predecessor-version":[{"id":3460,"href":"https:\/\/lavozdesanesteban.cl\/index.php\/wp-json\/wp\/v2\/posts\/3458\/revisions\/3460"}],"wp:featuredmedia":[{"embeddable":true,"href":"https:\/\/lavozdesanesteban.cl\/index.php\/wp-json\/wp\/v2\/media\/3459"}],"wp:attachment":[{"href":"https:\/\/lavozdesanesteban.cl\/index.php\/wp-json\/wp\/v2\/media?parent=3458"}],"wp:term":[{"taxonomy":"category","embeddable":true,"href":"https:\/\/lavozdesanesteban.cl\/index.php\/wp-json\/wp\/v2\/categories?post=3458"},{"taxonomy":"post_tag","embeddable":true,"href":"https:\/\/lavozdesanesteban.cl\/index.php\/wp-json\/wp\/v2\/tags?post=3458"}],"curies":[{"name":"wp","href":"https:\/\/api.w.org\/{rel}","templated":true}]}}