{"id":3461,"date":"2023-07-21T00:11:33","date_gmt":"2023-07-21T00:11:33","guid":{"rendered":"https:\/\/lavozdesanesteban.cl\/?p=3461"},"modified":"2023-07-21T00:11:34","modified_gmt":"2023-07-21T00:11:34","slug":"alcalde-ortega-valoro-avances-en-la-obra-de-comite-habitacional-los-rosales-ii-de-san-esteban","status":"publish","type":"post","link":"https:\/\/lavozdesanesteban.cl\/index.php\/2023\/07\/21\/alcalde-ortega-valoro-avances-en-la-obra-de-comite-habitacional-los-rosales-ii-de-san-esteban\/","title":{"rendered":"Alcalde Ortega valor\u00f3 avances en la obra de comit\u00e9 habitacional Los Rosales II de San Esteban"},"content":{"rendered":"\n<p><\/p>\n\n\n\n<ul><li>Vecinos debieron esperar m\u00e1s de 20 a\u00f1os para ver iniciado estos trabajos que, a la fecha, presentan un 15% de avance.<\/li><\/ul>\n\n\n\n<p>Durante la jornada de este martes, el Alcalde Christian Ortega valor\u00f3 el avance que presentan las obras del comit\u00e9 Los Rosales II, que a la fecha alcanza el 15% y que vendr\u00e1 a dar respuesta a un anhelo de m\u00e1s de 20 a\u00f1os.<\/p>\n\n\n\n<p>En la oportunidad, el jefe comunal, junto a &nbsp;autoridades comunales, provinciales, regionales y vecinos, verificaron en terreno la construcci\u00f3n, que dar\u00e1n soluci\u00f3n habitacional a 26 familias de la comuna.<\/p>\n\n\n\n<p>\u201cEstamos contentos por dar inicio a esta obra, que era esperada por muchos a\u00f1os por nuestros vecinos. As\u00ed que, quiero reiterar mi agradecimiento como alcalde a la seremi de vivienda, al gobierno, por este proyecto que por fin ve la luz y comienza a avanzar. Ahora, nos queda acompa\u00f1ar a este comit\u00e9 hasta que podamos inaugurar las casas\u201d, afirm\u00f3.<\/p>\n\n\n\n<p>Por su parte, la Seremi de Vivienda de la regi\u00f3n de Valpara\u00edso, Bel\u00e9n Paredes, se\u00f1al\u00f3 que \u201choy, podemos dar la confianza que es un proyecto que est\u00e1 en construcci\u00f3n. Que tiene un 15% de avance y que vamos a terminar. Es un proyecto que viene a reponer la deuda que existe en todos los territorios de la regi\u00f3n de Valpara\u00edso por la vivienda\u201d, aclar\u00f3.<\/p>\n\n\n\n<p>En tanto, los vecinos se mostraron contentos con este progreso, puesto que \u201cesperamos tanto tiempo, m\u00e1s de 23 a\u00f1os y vemos que hoy avanza. Estamos muy contentos porque todo est\u00e1 saliendo bien\u201d, afirm\u00f3 una de las futuras propietarias, Mar\u00eda Olivares.<\/p>\n","protected":false},"excerpt":{"rendered":"<p>Vecinos debieron esperar m\u00e1s de 20 a\u00f1os para ver iniciado estos trabajos que, a la fecha, presentan un 15% de avance. Durante la jornada de este martes, el Alcalde Christian Ortega valor\u00f3 el avance que presentan las obras del comit\u00e9 Los Rosales II, que a la fecha alcanza el 15% y que vendr\u00e1 a dar &hellip;<\/p>\n","protected":false},"author":2,"featured_media":3462,"comment_status":"open","ping_status":"open","sticky":false,"template":"","format":"standard","meta":{"spay_email":""},"categories":[2],"tags":[8],"jetpack_featured_media_url":"https:\/\/lavozdesanesteban.cl\/wp-content\/uploads\/2023\/07\/recorrido-habitacional.jpeg","_links":{"self":[{"href":"https:\/\/lavozdesanesteban.cl\/index.php\/wp-json\/wp\/v2\/posts\/3461"}],"collection":[{"href":"https:\/\/lavozdesanesteban.cl\/index.php\/wp-json\/wp\/v2\/posts"}],"about":[{"href":"https:\/\/lavozdesanesteban.cl\/index.php\/wp-json\/wp\/v2\/types\/post"}],"author":[{"embeddable":true,"href":"https:\/\/lavozdesanesteban.cl\/index.php\/wp-json\/wp\/v2\/users\/2"}],"replies":[{"embeddable":true,"href":"https:\/\/lavozdesanesteban.cl\/index.php\/wp-json\/wp\/v2\/comments?post=3461"}],"version-history":[{"count":1,"href":"https:\/\/lavozdesanesteban.cl\/index.php\/wp-json\/wp\/v2\/posts\/3461\/revisions"}],"predecessor-version":[{"id":3463,"href":"https:\/\/lavozdesanesteban.cl\/index.php\/wp-json\/wp\/v2\/posts\/3461\/revisions\/3463"}],"wp:featuredmedia":[{"embeddable":true,"href":"https:\/\/lavozdesanesteban.cl\/index.php\/wp-json\/wp\/v2\/media\/3462"}],"wp:attachment":[{"href":"https:\/\/lavozdesanesteban.cl\/index.php\/wp-json\/wp\/v2\/media?parent=3461"}],"wp:term":[{"taxonomy":"category","embeddable":true,"href":"https:\/\/lavozdesanesteban.cl\/index.php\/wp-json\/wp\/v2\/categories?post=3461"},{"taxonomy":"post_tag","embeddable":true,"href":"https:\/\/lavozdesanesteban.cl\/index.php\/wp-json\/wp\/v2\/tags?post=3461"}],"curies":[{"name":"wp","href":"https:\/\/api.w.org\/{rel}","templated":true}]}}