{"id":3464,"date":"2023-07-21T00:17:41","date_gmt":"2023-07-21T00:17:41","guid":{"rendered":"https:\/\/lavozdesanesteban.cl\/?p=3464"},"modified":"2023-07-21T00:17:43","modified_gmt":"2023-07-21T00:17:43","slug":"daem-de-san-esteban-reconocio-a-las-escuelas-y-estudiantes-que-representaran-a-la-comuna-en-los-juegos-deportivos-escolares-2023","status":"publish","type":"post","link":"https:\/\/lavozdesanesteban.cl\/index.php\/2023\/07\/21\/daem-de-san-esteban-reconocio-a-las-escuelas-y-estudiantes-que-representaran-a-la-comuna-en-los-juegos-deportivos-escolares-2023\/","title":{"rendered":"DAEM de San Esteban reconoci\u00f3 a las escuelas y estudiantes que representar\u00e1n a la comuna en los Juegos Deportivos Escolares 2023"},"content":{"rendered":"\n<p><\/p>\n\n\n\n<ul><li>Distintas disciplinas fueron reconocidas por las autoridades comunales.<\/li><\/ul>\n\n\n\n<p>Las competencias de los Juegos Deportivos Escolares a\u00f1o 2023 del IND han sido un verdadero \u00e9xito a nivel comunal. Con una tremenda participaci\u00f3n activa de las escuelas han demostrado el compromiso y dedicaci\u00f3n de los estudiantes y docentes en el desarrollo del deporte y la promoci\u00f3n de un estilo de vida saludable.<\/p>\n\n\n\n<p>Es por eso que el equipo del Departamento de Educaci\u00f3n Municipal de San Esteban, en conjunto con la red de educaci\u00f3n f\u00edsica se reunieron en el Liceo San Esteban con los establecimientos educacionales y estudiantes campeones y ganadores de la etapa comunal, para reconocerlos y felicitarlos por el esfuerzo y compromiso con el que enfrentaron este certamen.<\/p>\n\n\n\n<p>En la oportunidad, el administrador municipal, Ra\u00fal Iduarte, junto al Director de Educaci\u00f3n Municipal, Juan Luis Olivares, hicieron entrega de un reconocimiento a quienes participaron en las disciplinas de &nbsp;Futbol Damas &amp; Varones; Futsal Damas &amp; Varones; H\u00e1ndbol Varones; Ajedrez Damas &amp; Varones; Tenis de Mesa Damas &amp; Varones.<\/p>\n\n\n\n<p>En ese sentido, el encargado comunal de la red de Educaci\u00f3n F\u00edsica, Fernando Manzano, valor\u00f3 esta entrega, afirmando que \u201cQueremos agradecer y felicitar a cada uno de los ganadores de nuestras competencias deportivas, quienes ya nos han representado en algunas disciplinas en la fase provincial, logrando importantes resultados y accediendo a la fase regional, como es el caso de tenis de mesa, quien representar\u00e1 a la provincia de Los Andes\u201d.<\/p>\n\n\n\n<p>El profesional agreg\u00f3 que \u201cesto nos pone muy contentos, sobre todo con el compromiso por parte del Municipio y del Departamento de Educaci\u00f3n Municipal y de nuestros estudiantes, apoderados y familias quienes d\u00eda a d\u00eda ayudan para que nuestros estudiantes sean mejores deportistas y personas\u201d.<\/p>\n\n\n\n<p>Uno de los establecimientos educacionales que m\u00e1s logros obtuvo en este evento deportivo (Juegos Deportivos Escolares) fue la Escuela Pablo Neruda. En palabras de sus estudiantes: \u201cfue una experiencia muy bonita, tuvimos partidos dif\u00edciles, pero lo dimos todo y logramos salir campeones, siempre con la fe de que \u00edbamos a ganar\u201d, \u201c(En las competencias) jugamos super bien, hubieron unos que no jugaron tan bien pero trabajamos en conjunto, le dimos lo nuestro, nuestro color\u201d.<\/p>\n","protected":false},"excerpt":{"rendered":"<p>Distintas disciplinas fueron reconocidas por las autoridades comunales. Las competencias de los Juegos Deportivos Escolares a\u00f1o 2023 del IND han sido un verdadero \u00e9xito a nivel comunal. Con una tremenda participaci\u00f3n activa de las escuelas han demostrado el compromiso y dedicaci\u00f3n de los estudiantes y docentes en el desarrollo del deporte y la promoci\u00f3n de &hellip;<\/p>\n","protected":false},"author":2,"featured_media":3465,"comment_status":"open","ping_status":"open","sticky":false,"template":"","format":"standard","meta":{"spay_email":""},"categories":[2],"tags":[8],"jetpack_featured_media_url":"https:\/\/lavozdesanesteban.cl\/wp-content\/uploads\/2023\/07\/DAEM-1-scaled.jpg","_links":{"self":[{"href":"https:\/\/lavozdesanesteban.cl\/index.php\/wp-json\/wp\/v2\/posts\/3464"}],"collection":[{"href":"https:\/\/lavozdesanesteban.cl\/index.php\/wp-json\/wp\/v2\/posts"}],"about":[{"href":"https:\/\/lavozdesanesteban.cl\/index.php\/wp-json\/wp\/v2\/types\/post"}],"author":[{"embeddable":true,"href":"https:\/\/lavozdesanesteban.cl\/index.php\/wp-json\/wp\/v2\/users\/2"}],"replies":[{"embeddable":true,"href":"https:\/\/lavozdesanesteban.cl\/index.php\/wp-json\/wp\/v2\/comments?post=3464"}],"version-history":[{"count":1,"href":"https:\/\/lavozdesanesteban.cl\/index.php\/wp-json\/wp\/v2\/posts\/3464\/revisions"}],"predecessor-version":[{"id":3466,"href":"https:\/\/lavozdesanesteban.cl\/index.php\/wp-json\/wp\/v2\/posts\/3464\/revisions\/3466"}],"wp:featuredmedia":[{"embeddable":true,"href":"https:\/\/lavozdesanesteban.cl\/index.php\/wp-json\/wp\/v2\/media\/3465"}],"wp:attachment":[{"href":"https:\/\/lavozdesanesteban.cl\/index.php\/wp-json\/wp\/v2\/media?parent=3464"}],"wp:term":[{"taxonomy":"category","embeddable":true,"href":"https:\/\/lavozdesanesteban.cl\/index.php\/wp-json\/wp\/v2\/categories?post=3464"},{"taxonomy":"post_tag","embeddable":true,"href":"https:\/\/lavozdesanesteban.cl\/index.php\/wp-json\/wp\/v2\/tags?post=3464"}],"curies":[{"name":"wp","href":"https:\/\/api.w.org\/{rel}","templated":true}]}}