{"id":3467,"date":"2023-07-21T00:24:12","date_gmt":"2023-07-21T00:24:12","guid":{"rendered":"https:\/\/lavozdesanesteban.cl\/?p=3467"},"modified":"2023-07-21T00:24:13","modified_gmt":"2023-07-21T00:24:13","slug":"pro-aconcagua-invita-a-participar-en-innovador-seminario-para-personas-comprometidas-con-el-desarrollo-del-valle-de-aconcagua","status":"publish","type":"post","link":"https:\/\/lavozdesanesteban.cl\/index.php\/2023\/07\/21\/pro-aconcagua-invita-a-participar-en-innovador-seminario-para-personas-comprometidas-con-el-desarrollo-del-valle-de-aconcagua\/","title":{"rendered":"Pro Aconcagua invita a participar en innovador seminario para personas comprometidas con el desarrollo del Valle de Aconcagua"},"content":{"rendered":"\n<p><\/p>\n\n\n\n<p><strong>A trav\u00e9s del co-dise\u00f1o y del contacto con profesionales de diversos sectores, el seminario \u201cRedes Improbables para un Desarrollo Creativo\u201d busca el intercambio de ideas y la reflexi\u00f3n sobre las nuevas formas de abordar los desaf\u00edos territoriales de sostenibilidad, promoviendo el emprendimiento y la innovaci\u00f3n para el desarrollo del Valle<\/strong><\/p>\n\n\n\n<p>&nbsp;&nbsp;&nbsp;&nbsp;&nbsp;&nbsp;&nbsp;&nbsp;&nbsp;&nbsp;&nbsp; Si trabajas o si te gustar\u00eda trabajar por el desarrollo econ\u00f3mico-social del Valle de Aconcagua, buscando soluciones innovadoras para enfrentar estos desaf\u00edos, en los pr\u00f3ximos d\u00edas se desarrollar\u00e1 una importante iniciativa que te permitir\u00e1 contar con mejores herramientas y conocer la experiencia de expertos y profesionales de diversas disciplinas.<\/p>\n\n\n\n<p>&nbsp;&nbsp;&nbsp;&nbsp;&nbsp;&nbsp;&nbsp;&nbsp;&nbsp;&nbsp;&nbsp; \u201cRedes Improbables para un Desarrollo Creativo\u201d es el nombre del seminario impulsado por Pro Aconcagua, Fundaci\u00f3n SERCAL y cofinanciado por CORFO, que se desarrollar\u00e1 el pr\u00f3ximo jueves 27 de julio, desde 9:30 a 13:30 horas en dependencias del Hotel Inca. Este evento busca explorar las dimensiones de la colaboraci\u00f3n, la creatividad y la sostenibilidad en un contexto \u00fanico de experimentaci\u00f3n, para iniciar la instalaci\u00f3n de un nodo de desarrollo econ\u00f3mico y social, que sea capaz de establecer y articular un renovado ecosistema de emprendimiento para el Valle del Aconcagua, acorde a los desaf\u00edos del siglo XXI, y que incluya a las organizaciones productivas, educacionales, del \u00e1mbito creativo y organizaciones sociales y p\u00fablicas.<\/p>\n\n\n\n<figure class=\"wp-block-gallery columns-1 is-cropped\"><ul class=\"blocks-gallery-grid\"><li class=\"blocks-gallery-item\"><figure><img loading=\"lazy\" width=\"1024\" height=\"1024\" src=\"https:\/\/lavozdesanesteban.cl\/wp-content\/uploads\/2023\/07\/DIMAZA-2-1024x1024.jpg\" alt=\"\" data-id=\"3469\" data-full-url=\"https:\/\/lavozdesanesteban.cl\/wp-content\/uploads\/2023\/07\/DIMAZA-2.jpg\" data-link=\"https:\/\/lavozdesanesteban.cl\/?attachment_id=3469\" class=\"wp-image-3469\" srcset=\"https:\/\/lavozdesanesteban.cl\/wp-content\/uploads\/2023\/07\/DIMAZA-2-1024x1024.jpg 1024w, https:\/\/lavozdesanesteban.cl\/wp-content\/uploads\/2023\/07\/DIMAZA-2-300x300.jpg 300w, https:\/\/lavozdesanesteban.cl\/wp-content\/uploads\/2023\/07\/DIMAZA-2-150x150.jpg 150w, https:\/\/lavozdesanesteban.cl\/wp-content\/uploads\/2023\/07\/DIMAZA-2-768x768.jpg 768w, https:\/\/lavozdesanesteban.cl\/wp-content\/uploads\/2023\/07\/DIMAZA-2-1536x1536.jpg 1536w, https:\/\/lavozdesanesteban.cl\/wp-content\/uploads\/2023\/07\/DIMAZA-2.jpg 1600w\" sizes=\"(max-width: 1024px) 100vw, 1024px\" \/><\/figure><\/li><\/ul><\/figure>\n\n\n\n<p>&nbsp;&nbsp;&nbsp;&nbsp;&nbsp;&nbsp;&nbsp;&nbsp;&nbsp;&nbsp;&nbsp; \u201cEste seminario es un seminario diferente ya que es una oportunidad \u00fanica para que los asistentes puedan establecer contacto con personas de diferentes sectores: comercio, turismo, la agricultura, la academia y la econom\u00eda creativa, donde se intercambiar\u00e1n ideas y se reflexionar\u00e1 sobre los desaf\u00edos de sostenibilidad e innovaci\u00f3n de nuestro territorio\u201c, sostuvo Claudia Gajardo, gerente de la Corporaci\u00f3n Pro Aconcagua<\/p>\n\n\n\n<p>En este seminario participar\u00e1n expertos y profesionales destacados en diversas disciplinas, quienes compartir\u00e1n sus experiencias y conocimientos sobre el papel de la creatividad la innovaci\u00f3n, c\u00f3mo y potenciar redes de colaboraci\u00f3n que fomenten la creatividad y experimentaci\u00f3n en el territorio.<\/p>\n\n\n\n<p>&nbsp;&nbsp;&nbsp;&nbsp;&nbsp;&nbsp;&nbsp;&nbsp;&nbsp;&nbsp;&nbsp; Quienes se interesen por participar, pueden inscribirse en el link <a href=\"https:\/\/forms.gle\/NepV6zyBCRzwuvHE7\">https:\/\/forms.gle\/NepV6zyBCRzwuvHE7<\/a>. Cupos limitados.<\/p>\n","protected":false},"excerpt":{"rendered":"<p>A trav\u00e9s del co-dise\u00f1o y del contacto con profesionales de diversos sectores, el seminario \u201cRedes Improbables para un Desarrollo Creativo\u201d busca el intercambio de ideas y la reflexi\u00f3n sobre las nuevas formas de abordar los desaf\u00edos territoriales de sostenibilidad, promoviendo el emprendimiento y la innovaci\u00f3n para el desarrollo del Valle &nbsp;&nbsp;&nbsp;&nbsp;&nbsp;&nbsp;&nbsp;&nbsp;&nbsp;&nbsp;&nbsp; Si trabajas o si &hellip;<\/p>\n","protected":false},"author":2,"featured_media":3468,"comment_status":"open","ping_status":"open","sticky":false,"template":"","format":"standard","meta":{"spay_email":""},"categories":[7],"tags":[8],"jetpack_featured_media_url":"https:\/\/lavozdesanesteban.cl\/wp-content\/uploads\/2023\/07\/DIMAZA-1.jpg","_links":{"self":[{"href":"https:\/\/lavozdesanesteban.cl\/index.php\/wp-json\/wp\/v2\/posts\/3467"}],"collection":[{"href":"https:\/\/lavozdesanesteban.cl\/index.php\/wp-json\/wp\/v2\/posts"}],"about":[{"href":"https:\/\/lavozdesanesteban.cl\/index.php\/wp-json\/wp\/v2\/types\/post"}],"author":[{"embeddable":true,"href":"https:\/\/lavozdesanesteban.cl\/index.php\/wp-json\/wp\/v2\/users\/2"}],"replies":[{"embeddable":true,"href":"https:\/\/lavozdesanesteban.cl\/index.php\/wp-json\/wp\/v2\/comments?post=3467"}],"version-history":[{"count":1,"href":"https:\/\/lavozdesanesteban.cl\/index.php\/wp-json\/wp\/v2\/posts\/3467\/revisions"}],"predecessor-version":[{"id":3470,"href":"https:\/\/lavozdesanesteban.cl\/index.php\/wp-json\/wp\/v2\/posts\/3467\/revisions\/3470"}],"wp:featuredmedia":[{"embeddable":true,"href":"https:\/\/lavozdesanesteban.cl\/index.php\/wp-json\/wp\/v2\/media\/3468"}],"wp:attachment":[{"href":"https:\/\/lavozdesanesteban.cl\/index.php\/wp-json\/wp\/v2\/media?parent=3467"}],"wp:term":[{"taxonomy":"category","embeddable":true,"href":"https:\/\/lavozdesanesteban.cl\/index.php\/wp-json\/wp\/v2\/categories?post=3467"},{"taxonomy":"post_tag","embeddable":true,"href":"https:\/\/lavozdesanesteban.cl\/index.php\/wp-json\/wp\/v2\/tags?post=3467"}],"curies":[{"name":"wp","href":"https:\/\/api.w.org\/{rel}","templated":true}]}}