{"id":3471,"date":"2023-07-21T00:29:29","date_gmt":"2023-07-21T00:29:29","guid":{"rendered":"https:\/\/lavozdesanesteban.cl\/?p=3471"},"modified":"2023-07-21T00:29:31","modified_gmt":"2023-07-21T00:29:31","slug":"gala-aniversario-de-bafocla-tendra-presentacion-de-elencos-internacionales","status":"publish","type":"post","link":"https:\/\/lavozdesanesteban.cl\/index.php\/2023\/07\/21\/gala-aniversario-de-bafocla-tendra-presentacion-de-elencos-internacionales\/","title":{"rendered":"Gala aniversario de BAFOCLA tendr\u00e1 presentaci\u00f3n de elencos internacionales"},"content":{"rendered":"\n<p><\/p>\n\n\n\n<p><em>Dos elencos internacionales invitados al Gimnasio del Colegio Mar\u00eda Auxiliadora, Ballet Folkl\u00f3rico Sangre Cuyana de Argentina y la Compa\u00f1\u00eda art\u00edstica Estampas de Colombia.<\/em><\/p>\n\n\n\n<p>La celebraci\u00f3n de los 21 a\u00f1os del Ballet Folcl\u00f3rico Ciudad de Los Andes, BAFOCLA, contar\u00e1 con la presentaci\u00f3n de elencos invitados de Argentina y Colombia. La actividad que se hace todos los a\u00f1os en el marco del aniversario de Los Andes se ha preparado con tres meses de ensayo.<\/p>\n\n\n\n<p>La gala se har\u00e1 el s\u00e1bado 22 de julio a las 19:00 hrs. en el Gimnasio Colegio Mar\u00eda Auxiliadora y la entrada es totalmente gratuita. Rescner Vergara, director art\u00edstico de BAFOCLA dijo que \u201ceste a\u00f1o el desaf\u00edo es mayor porque se trata de un encuentro internacional al recibir distintas culturas, hay que aprovechar estas visitas que tienen espect\u00e1culos maravillosos\u201d.<\/p>\n\n\n\n<p>BAFOCLA se presenta con los tres elencos infantil, juvenil y adulto y ser\u00e1 el broche de oro las presentaciones de estas delegaciones internacionales.<\/p>\n\n\n\n<p>Gerardo Mej\u00edas, director Compa\u00f1\u00eda art\u00edstica Estampas de Colombia coment\u00f3 que la presentaci\u00f3n, traemos para este evento vamos a presentar la regi\u00f3n andina, cinco danzas de diferentes expresiones del litoral pac\u00edfico y atl\u00e1ntico y no puede faltar el principal baile de la cumbia. es un elenco joven en total de 30 y 18 vinieron a los andes<\/p>\n\n\n\n<p>Agust\u00edn Morales, director de Ballet Folkl\u00f3rico Sangre Cuyana de la provincia de Mendoza Argentina, se\u00f1al\u00f3 que \u201csomos un ballet netamente folcl\u00f3rico, con disciplinas como tango, malambos y la hemos incorporado en la gala del s\u00e1bado su repertorio es bastante completo y atractivos de nuestro folclore\u201d.<\/p>\n\n\n\n<p>La visita en Chile se ha desarrollado en El Tabo, Quillota, Panquehue, La Pintana, Calle Larga y Los Andes.<\/p>\n","protected":false},"excerpt":{"rendered":"<p>Dos elencos internacionales invitados al Gimnasio del Colegio Mar\u00eda Auxiliadora, Ballet Folkl\u00f3rico Sangre Cuyana de Argentina y la Compa\u00f1\u00eda art\u00edstica Estampas de Colombia. La celebraci\u00f3n de los 21 a\u00f1os del Ballet Folcl\u00f3rico Ciudad de Los Andes, BAFOCLA, contar\u00e1 con la presentaci\u00f3n de elencos invitados de Argentina y Colombia. La actividad que se hace todos los &hellip;<\/p>\n","protected":false},"author":2,"featured_media":3472,"comment_status":"open","ping_status":"open","sticky":false,"template":"","format":"standard","meta":{"spay_email":""},"categories":[7],"tags":[8],"jetpack_featured_media_url":"https:\/\/lavozdesanesteban.cl\/wp-content\/uploads\/2023\/07\/Gala-bafocla.jpg","_links":{"self":[{"href":"https:\/\/lavozdesanesteban.cl\/index.php\/wp-json\/wp\/v2\/posts\/3471"}],"collection":[{"href":"https:\/\/lavozdesanesteban.cl\/index.php\/wp-json\/wp\/v2\/posts"}],"about":[{"href":"https:\/\/lavozdesanesteban.cl\/index.php\/wp-json\/wp\/v2\/types\/post"}],"author":[{"embeddable":true,"href":"https:\/\/lavozdesanesteban.cl\/index.php\/wp-json\/wp\/v2\/users\/2"}],"replies":[{"embeddable":true,"href":"https:\/\/lavozdesanesteban.cl\/index.php\/wp-json\/wp\/v2\/comments?post=3471"}],"version-history":[{"count":1,"href":"https:\/\/lavozdesanesteban.cl\/index.php\/wp-json\/wp\/v2\/posts\/3471\/revisions"}],"predecessor-version":[{"id":3473,"href":"https:\/\/lavozdesanesteban.cl\/index.php\/wp-json\/wp\/v2\/posts\/3471\/revisions\/3473"}],"wp:featuredmedia":[{"embeddable":true,"href":"https:\/\/lavozdesanesteban.cl\/index.php\/wp-json\/wp\/v2\/media\/3472"}],"wp:attachment":[{"href":"https:\/\/lavozdesanesteban.cl\/index.php\/wp-json\/wp\/v2\/media?parent=3471"}],"wp:term":[{"taxonomy":"category","embeddable":true,"href":"https:\/\/lavozdesanesteban.cl\/index.php\/wp-json\/wp\/v2\/categories?post=3471"},{"taxonomy":"post_tag","embeddable":true,"href":"https:\/\/lavozdesanesteban.cl\/index.php\/wp-json\/wp\/v2\/tags?post=3471"}],"curies":[{"name":"wp","href":"https:\/\/api.w.org\/{rel}","templated":true}]}}