{"id":3477,"date":"2023-07-26T03:42:21","date_gmt":"2023-07-26T03:42:21","guid":{"rendered":"https:\/\/lavozdesanesteban.cl\/?p=3477"},"modified":"2023-07-26T03:42:23","modified_gmt":"2023-07-26T03:42:23","slug":"municipio-andino-y-carabineros-firman-convenio-para-implementar-patrullajes-mixtos-en-la-comuna","status":"publish","type":"post","link":"https:\/\/lavozdesanesteban.cl\/index.php\/2023\/07\/26\/municipio-andino-y-carabineros-firman-convenio-para-implementar-patrullajes-mixtos-en-la-comuna\/","title":{"rendered":"Municipio andino y Carabineros firman convenio para implementar patrullajes mixtos en la comuna"},"content":{"rendered":"\n<p><\/p>\n\n\n\n<p><em>Patrulleros de Seguridad P\u00fablica podr\u00e1n ser acompa\u00f1ados por un polic\u00eda uniformado<\/em><\/p>\n\n\n\n<p>En una reciente ceremonia realizada en la Tercera Comisar\u00eda de Carabineros de Los Andes, el General Edgar Jofr\u00e9, jefe de la V Zona de Carabineros y el alcalde Manuel Rivera Mart\u00ednez, firmaron el convenio OS-14, que permitir\u00e1 el despliegue de patrullajes mixtos: Carabineros \u2013 Inspectores Municipales, en la comuna.<\/p>\n\n\n\n<p>Este convenio de colaboraci\u00f3n permitir\u00e1 avanzar en mayor seguridad p\u00fablica, robusteciendo el trabajo coordinado que el municipio de Los Andes realiza con las polic\u00edas, y que significa que los patrulleros de Seguridad P\u00fablica Municipal puedan ser acompa\u00f1ados por un polic\u00eda uniformado, otorgando una nueva herramienta al combate delictivo.<\/p>\n\n\n\n<p>Tras la firma, el alcalde Manuel Rivera se\u00f1al\u00f3: \u201chace un tiempo dise\u00f1amos un plan que se ha ido cumpliendo etapa por etapa y llegamos a este punto, agradecido de Carabineros de Chile que nos da la posibilidad formal para hacer los patrullajes preventivos. Es un tema conversado y valorado por las juntas de vecinos. Este es un tema de todos y nosotros al menos en Los Andes no vamos a dejar de hacer todos los esfuerzos necesarios para que sientan que estamos ayudando, para que este tema tan relevante como es la seguridad p\u00fablica, cambie la percepci\u00f3n\u201d.<\/p>\n\n\n\n<p>El General Edgar Jofr\u00e9, jefe de la V Zona de Carabineros, se\u00f1al\u00f3: \u201cagradezco la disposici\u00f3n del alcalde y del municipio para concretar esta firma que permite la posibilidad de realizar patrullajes entre carabineros y seguridad ciudadana, he comprobado en otros convenios que hemos firmado con otros municipios que s\u00ed se est\u00e1 dando respuesta y el prop\u00f3sito es llegar justamente a ese grupo de personas que est\u00e1 siendo olvidada\u2026 y en eso tambi\u00e9n resulta tremendamente importante recibir el apoyo\u201d.<\/p>\n\n\n\n<p>Por su parte Jorge Ponce, presidente de la Uni\u00f3n Comunal de Juntas de Vecinos, agreg\u00f3: &nbsp;\u201ces s\u00faper importante para la comunidad, porque nos va a dar m\u00e1s seguridad desde el minuto que anda un carabinero trabajando con los de seguridad. Feliz, contento, esto lo tomamos muy bien, se demuestra la preocupaci\u00f3n y que se est\u00e1n haciendo las cosas lo mejor posible\u201d.<\/p>\n","protected":false},"excerpt":{"rendered":"<p>Patrulleros de Seguridad P\u00fablica podr\u00e1n ser acompa\u00f1ados por un polic\u00eda uniformado En una reciente ceremonia realizada en la Tercera Comisar\u00eda de Carabineros de Los Andes, el General Edgar Jofr\u00e9, jefe de la V Zona de Carabineros y el alcalde Manuel Rivera Mart\u00ednez, firmaron el convenio OS-14, que permitir\u00e1 el despliegue de patrullajes mixtos: Carabineros \u2013 &hellip;<\/p>\n","protected":false},"author":2,"featured_media":3478,"comment_status":"open","ping_status":"open","sticky":false,"template":"","format":"standard","meta":{"spay_email":""},"categories":[7],"tags":[8],"jetpack_featured_media_url":"https:\/\/lavozdesanesteban.cl\/wp-content\/uploads\/2023\/07\/CONVENIO.jpeg","_links":{"self":[{"href":"https:\/\/lavozdesanesteban.cl\/index.php\/wp-json\/wp\/v2\/posts\/3477"}],"collection":[{"href":"https:\/\/lavozdesanesteban.cl\/index.php\/wp-json\/wp\/v2\/posts"}],"about":[{"href":"https:\/\/lavozdesanesteban.cl\/index.php\/wp-json\/wp\/v2\/types\/post"}],"author":[{"embeddable":true,"href":"https:\/\/lavozdesanesteban.cl\/index.php\/wp-json\/wp\/v2\/users\/2"}],"replies":[{"embeddable":true,"href":"https:\/\/lavozdesanesteban.cl\/index.php\/wp-json\/wp\/v2\/comments?post=3477"}],"version-history":[{"count":1,"href":"https:\/\/lavozdesanesteban.cl\/index.php\/wp-json\/wp\/v2\/posts\/3477\/revisions"}],"predecessor-version":[{"id":3479,"href":"https:\/\/lavozdesanesteban.cl\/index.php\/wp-json\/wp\/v2\/posts\/3477\/revisions\/3479"}],"wp:featuredmedia":[{"embeddable":true,"href":"https:\/\/lavozdesanesteban.cl\/index.php\/wp-json\/wp\/v2\/media\/3478"}],"wp:attachment":[{"href":"https:\/\/lavozdesanesteban.cl\/index.php\/wp-json\/wp\/v2\/media?parent=3477"}],"wp:term":[{"taxonomy":"category","embeddable":true,"href":"https:\/\/lavozdesanesteban.cl\/index.php\/wp-json\/wp\/v2\/categories?post=3477"},{"taxonomy":"post_tag","embeddable":true,"href":"https:\/\/lavozdesanesteban.cl\/index.php\/wp-json\/wp\/v2\/tags?post=3477"}],"curies":[{"name":"wp","href":"https:\/\/api.w.org\/{rel}","templated":true}]}}