{"id":3483,"date":"2023-07-26T03:48:54","date_gmt":"2023-07-26T03:48:54","guid":{"rendered":"https:\/\/lavozdesanesteban.cl\/?p=3483"},"modified":"2023-07-26T03:48:55","modified_gmt":"2023-07-26T03:48:55","slug":"70-deportistas-sanestebinos-fueron-beneficiados-con-la-beca-municipal-deportiva-jose-lazcano-2023","status":"publish","type":"post","link":"https:\/\/lavozdesanesteban.cl\/index.php\/2023\/07\/26\/70-deportistas-sanestebinos-fueron-beneficiados-con-la-beca-municipal-deportiva-jose-lazcano-2023\/","title":{"rendered":"70 deportistas sanestebinos fueron beneficiados con la Beca Municipal deportiva Jos\u00e9 Lazcano 2023"},"content":{"rendered":"\n<p><\/p>\n\n\n\n<ul><li>Se trata de un importante apoyo econ\u00f3mico para que los beneficiarios puedan continuar desarroll\u00e1ndose en sus disciplinas.<\/li><\/ul>\n\n\n\n<p>70 deportistas de San Esteban, de diversas disciplinas, fueron beneficiados con la beca municipal, que implica un apoyo econ\u00f3mico importante para que puedan seguir desarrollando sus habilidades.<\/p>\n\n\n\n<p>La ceremonia, que estuvo encabezada por el alcalde Christian Ortega, cont\u00f3 con la participaci\u00f3n de autoridades provinciales y directivos municipales, as\u00ed como tambi\u00e9n con la presenciad de beneficiarios y sus familias.<\/p>\n\n\n\n<p>Esta beca aument\u00f3 considerablemente la cantidad de beneficiarios respecto al a\u00f1o anterior, pasado de 54 a 70, lo que demuestra la preocupaci\u00f3n del municipio por respaldar a quienes representan a la comuna a lo largo del pa\u00eds y en el extranjero.<\/p>\n\n\n\n<p>\u201cHemos entregado este beneficio a m\u00e1s de 70 deportistas de San Esteban, que es un reconocimiento a la labor que hacen y un apoyo a sus familias. Sabemos que representan a la comuna en cada competici\u00f3n, por lo que, para nosotros, es fundamental entregarles este beneficio que sabemos ser\u00e1 de mucha utilidad\u201d, apunt\u00f3 el Alcalde Ortega.<\/p>\n\n\n\n<p>Entre los beneficiarios hay deportistas que se desempe\u00f1an en las disciplinas de f\u00fatbol, tenis, b\u00e1squetbol, mountain bike, Jiu Jitsu y gimnasia r\u00edtmica, entre otros, quienes han sido permanentemente apoyados por la Oficina Municipal de Deportes.<\/p>\n\n\n\n<p>En esa misma l\u00ednea, el jefe comunal recalc\u00f3 que \u201cnuestro compromiso para el pr\u00f3ximo a\u00f1o es aumentar los recursos y la cantidad de deportistas que puedan optar a este beneficio. Este a\u00f1o, es muy importante para San Esteban, porque seremos sede de los Juegos Panamericanos, as\u00ed que nuestro compromiso con los deportistas est\u00e1 intacto\u201d, sostuvo.<\/p>\n","protected":false},"excerpt":{"rendered":"<p>Se trata de un importante apoyo econ\u00f3mico para que los beneficiarios puedan continuar desarroll\u00e1ndose en sus disciplinas. 70 deportistas de San Esteban, de diversas disciplinas, fueron beneficiados con la beca municipal, que implica un apoyo econ\u00f3mico importante para que puedan seguir desarrollando sus habilidades. La ceremonia, que estuvo encabezada por el alcalde Christian Ortega, cont\u00f3 &hellip;<\/p>\n","protected":false},"author":2,"featured_media":3484,"comment_status":"open","ping_status":"open","sticky":false,"template":"","format":"standard","meta":{"spay_email":""},"categories":[2],"tags":[8],"jetpack_featured_media_url":"https:\/\/lavozdesanesteban.cl\/wp-content\/uploads\/2023\/07\/becas-deportiva-1.jpeg","_links":{"self":[{"href":"https:\/\/lavozdesanesteban.cl\/index.php\/wp-json\/wp\/v2\/posts\/3483"}],"collection":[{"href":"https:\/\/lavozdesanesteban.cl\/index.php\/wp-json\/wp\/v2\/posts"}],"about":[{"href":"https:\/\/lavozdesanesteban.cl\/index.php\/wp-json\/wp\/v2\/types\/post"}],"author":[{"embeddable":true,"href":"https:\/\/lavozdesanesteban.cl\/index.php\/wp-json\/wp\/v2\/users\/2"}],"replies":[{"embeddable":true,"href":"https:\/\/lavozdesanesteban.cl\/index.php\/wp-json\/wp\/v2\/comments?post=3483"}],"version-history":[{"count":1,"href":"https:\/\/lavozdesanesteban.cl\/index.php\/wp-json\/wp\/v2\/posts\/3483\/revisions"}],"predecessor-version":[{"id":3485,"href":"https:\/\/lavozdesanesteban.cl\/index.php\/wp-json\/wp\/v2\/posts\/3483\/revisions\/3485"}],"wp:featuredmedia":[{"embeddable":true,"href":"https:\/\/lavozdesanesteban.cl\/index.php\/wp-json\/wp\/v2\/media\/3484"}],"wp:attachment":[{"href":"https:\/\/lavozdesanesteban.cl\/index.php\/wp-json\/wp\/v2\/media?parent=3483"}],"wp:term":[{"taxonomy":"category","embeddable":true,"href":"https:\/\/lavozdesanesteban.cl\/index.php\/wp-json\/wp\/v2\/categories?post=3483"},{"taxonomy":"post_tag","embeddable":true,"href":"https:\/\/lavozdesanesteban.cl\/index.php\/wp-json\/wp\/v2\/tags?post=3483"}],"curies":[{"name":"wp","href":"https:\/\/api.w.org\/{rel}","templated":true}]}}