{"id":3486,"date":"2023-07-26T03:53:20","date_gmt":"2023-07-26T03:53:20","guid":{"rendered":"https:\/\/lavozdesanesteban.cl\/?p=3486"},"modified":"2023-07-26T03:53:21","modified_gmt":"2023-07-26T03:53:21","slug":"el-cesfam-jose-joaquin-aguirre-de-calle-larga-lanzo-cuarta-version-de-concurso-fotografico-de-lactancia-materna","status":"publish","type":"post","link":"https:\/\/lavozdesanesteban.cl\/index.php\/2023\/07\/26\/el-cesfam-jose-joaquin-aguirre-de-calle-larga-lanzo-cuarta-version-de-concurso-fotografico-de-lactancia-materna\/","title":{"rendered":"El Cesfam Jos\u00e9 Joaqu\u00edn Aguirre de Calle Larga lanz\u00f3 cuarta versi\u00f3n de Concurso Fotogr\u00e1fico de Lactancia Materna"},"content":{"rendered":"\n<p><\/p>\n\n\n\n<p><strong><em>El per\u00edodo del concurso es desde el 17 de julio hasta el 9 de agosto. Va dirigido a madres de ni\u00f1os y ni\u00f1as de dos a\u00f1os residentes en la comuna de Calle Larga.<\/em><\/strong><\/p>\n\n\n\n<p>La primera fase del certamen es el env\u00edo de fotos de las concursantes, desde el 17 de julio al d\u00eda 29 del mismo mes hasta 00:00 hrs. al mail <a href=\"mailto:comitelm.callelarga@gmail.com\">comitelm.callelarga@gmail.com<\/a>. La segunda etapa es del 31 al 9 de agosto, en la cual, los retratos ser\u00e1n publicados en el Facebook del CESFAM Jos\u00e9 Joaqu\u00edn Aguirre.<\/p>\n\n\n\n<p>Quienes deseen enviar las fotos en formato f\u00edsico, deben entregarse en un sobre cerrado a nombre del Comit\u00e9 de Lactancia Materna en OIRS del CESFAM Jos\u00e9 Joaqu\u00edn Aguirre. No se recibir\u00e1n despu\u00e9s del 31 de julio.<\/p>\n\n\n\n<p>Ganar\u00e1n las tres fotos que cuenten con mayor cantidad de reacciones (me gusta y me encanta). Las tres madres seleccionadas recibir\u00e1n de premio un poler\u00f3n de lactancia, una mochila y un collar de lactancia. El reconocimiento se efectuar\u00e1 el 11 de agosto en las inmediaciones de este recinto m\u00e9dico.<\/p>\n\n\n\n<p>\u201cLas bases del concurso est\u00e1n en nuestras redes sociales y en la p\u00e1gina de nuestro CESFAM, <a href=\"http:\/\/www.saludcallelarga.cl\">www.saludcallelarga.cl<\/a>. Las invito a participar, \u00a1mot\u00edvense!\u201d, indic\u00f3 Viviana Briones, integrante del Comit\u00e9 de Lactancia Materna del CESFAM Jos\u00e9 Joaqu\u00edn Aguirre.<\/p>\n\n\n\n<p>Obligatoriamente, las im\u00e1genes tienen que adjuntarse con la carta de autorizaci\u00f3n para su difusi\u00f3n en internet. Se deben fotograf\u00edar a madres amamantando a sus hijos\/as menores de 2 a\u00f1os con lactancia materna exclusiva, es decir, beb\u00e9s que solo se alimenten de leche propia de sus progenitoras sin consumir otro alimento l\u00edquido y\/o s\u00f3lido.<\/p>\n\n\n\n<p>Esta iniciativa va acorde a los objetivos de Alianza Mundial Pro Lactancia Materna (WABA), cuyo lema de este a\u00f1o es \u201cFacilitar la lactancia materna: marcando la diferencia para padres y madres que trabajan\u201d.<\/p>\n\n\n\n<p>La idea es visibilizar el apoyo a las madres cuando se reincorporan al trabajo, para que puedan amamantar el tiempo que decidan, as\u00ed como aspirar a legislaciones concretas que protejan la equidad y la compatibilidad entre el mundo laboral y la crianza.<\/p>\n","protected":false},"excerpt":{"rendered":"<p>El per\u00edodo del concurso es desde el 17 de julio hasta el 9 de agosto. Va dirigido a madres de ni\u00f1os y ni\u00f1as de dos a\u00f1os residentes en la comuna de Calle Larga. La primera fase del certamen es el env\u00edo de fotos de las concursantes, desde el 17 de julio al d\u00eda 29 del &hellip;<\/p>\n","protected":false},"author":2,"featured_media":3487,"comment_status":"open","ping_status":"open","sticky":false,"template":"","format":"standard","meta":{"spay_email":""},"categories":[7],"tags":[8],"jetpack_featured_media_url":"https:\/\/lavozdesanesteban.cl\/wp-content\/uploads\/2023\/07\/LACTANCIA.jpeg","_links":{"self":[{"href":"https:\/\/lavozdesanesteban.cl\/index.php\/wp-json\/wp\/v2\/posts\/3486"}],"collection":[{"href":"https:\/\/lavozdesanesteban.cl\/index.php\/wp-json\/wp\/v2\/posts"}],"about":[{"href":"https:\/\/lavozdesanesteban.cl\/index.php\/wp-json\/wp\/v2\/types\/post"}],"author":[{"embeddable":true,"href":"https:\/\/lavozdesanesteban.cl\/index.php\/wp-json\/wp\/v2\/users\/2"}],"replies":[{"embeddable":true,"href":"https:\/\/lavozdesanesteban.cl\/index.php\/wp-json\/wp\/v2\/comments?post=3486"}],"version-history":[{"count":1,"href":"https:\/\/lavozdesanesteban.cl\/index.php\/wp-json\/wp\/v2\/posts\/3486\/revisions"}],"predecessor-version":[{"id":3488,"href":"https:\/\/lavozdesanesteban.cl\/index.php\/wp-json\/wp\/v2\/posts\/3486\/revisions\/3488"}],"wp:featuredmedia":[{"embeddable":true,"href":"https:\/\/lavozdesanesteban.cl\/index.php\/wp-json\/wp\/v2\/media\/3487"}],"wp:attachment":[{"href":"https:\/\/lavozdesanesteban.cl\/index.php\/wp-json\/wp\/v2\/media?parent=3486"}],"wp:term":[{"taxonomy":"category","embeddable":true,"href":"https:\/\/lavozdesanesteban.cl\/index.php\/wp-json\/wp\/v2\/categories?post=3486"},{"taxonomy":"post_tag","embeddable":true,"href":"https:\/\/lavozdesanesteban.cl\/index.php\/wp-json\/wp\/v2\/tags?post=3486"}],"curies":[{"name":"wp","href":"https:\/\/api.w.org\/{rel}","templated":true}]}}