{"id":3508,"date":"2023-08-03T04:30:44","date_gmt":"2023-08-03T04:30:44","guid":{"rendered":"https:\/\/lavozdesanesteban.cl\/?p=3508"},"modified":"2023-08-03T04:30:46","modified_gmt":"2023-08-03T04:30:46","slug":"municipalidad-de-calle-larga-realiza-masiva-reparacion-de-veredas","status":"publish","type":"post","link":"https:\/\/lavozdesanesteban.cl\/index.php\/2023\/08\/03\/municipalidad-de-calle-larga-realiza-masiva-reparacion-de-veredas\/","title":{"rendered":"Municipalidad de Calle Larga realiza masiva reparaci\u00f3n de veredas"},"content":{"rendered":"\n<p><\/p>\n\n\n\n<p><strong>M\u00e1s de mil 500 metros de veredas se encuentra interviniendo el municipio en sectores en los que se encontraban en malas condiciones o que no cumpl\u00edan con el ancho m\u00ednimo<\/strong><\/p>\n\n\n\n<p>Villa El Castillo, El Estero, Villa Las Palmas, Villa Los Aromos, Calle Los Guindos, Calle Los Perales, Cancha de Carrera, Poblaci\u00f3n Juan XXIII, Poblaci\u00f3n La Campana y Calle Castro, son algunos de los sectores en los que la Municipalidad de Calle Larga ha realizado trabajos de mejoramiento en veredas que se encuentran en malas condiciones o que no cumplen con un ancho m\u00ednimo.<\/p>\n\n\n\n<p>Actualmente estos trabajos se ejecutan en&nbsp; calle La Palma y Caldera Nueva y pr\u00f3ximamente comenzar\u00e1n a realizarse en Alto del Puerto y H\u00e9roes de la Concepci\u00f3n.<\/p>\n\n\n\n<p>\u201cExiste gran cantidad de solicitudes de las y los vecinos para reparar algunas veredas de la comuna, particularmente, en lugares que cre\u00edamos que no eran tan transitados.&nbsp; Estamos atendiendo estas necesidades a trav\u00e9s de nuestras territorialistas y de las JJ.VV. Pesquisamos casos de \u00e1rboles que levantaron suelos, adem\u00e1s se conectar\u00e1n veredas que antes no lo estaban, como el caso de las de Caldera Nueva y Caldera Vieja\u201d, explic\u00f3 la alcaldesa, Dina Gonz\u00e1lez, quien agreg\u00f3 que en estos trabajos se han ampliado el ancho de algunas veredas y as\u00ed cumplir con las normativas que permitan el traslado sillas de ruedas.<\/p>\n\n\n\n<p>Cristi\u00e1n Mu\u00f1oz, arquitecto y Director de Obras Municipales (DOM) destac\u00f3 la preocupaci\u00f3n de la alcaldesa por garantizar desplazamientos seguros para las y los peatones. \u201cSon veredas en mal estado. El principal problema es que fueron quebradas por autos estacionados encima o porque las ra\u00edces de los \u00e1rboles las levantan. Vamos sector por sector y conservamos las veredas en buen estado\u201d, indic\u00f3 el profesional urban\u00edstico.<\/p>\n\n\n\n<p>Mu\u00f1oz solicit\u00f3 a las y los vecinos tener paciencia y que el municipio est\u00e1 se\u00f1alizando las calles con el fin de evitar accidentes. Adem\u00e1s, el personal municipal estar\u00e1 atento al progreso del hormig\u00f3n, ya que deben comprobar su resistencia en cada zona. Es un proceso que toma 28 d\u00edas aproximadamente, junto con el retiro de escombros.&nbsp;<\/p>\n\n\n\n<p>La duraci\u00f3n de cada obra depender\u00e1 del estado de las veredas de los barrios. Hay algunas m\u00e1s afectadas, con m\u00e1s antig\u00fcedad o m\u00e1s angostas que deben ensancharse y reforzarse. Seg\u00fan Crist\u00e1n Mu\u00f1oz, las veredas de Villa Las Palmas estaban muy deterioradas por el problema de los autos estacionados, puesto que las calzadas eran estrechas.<\/p>\n\n\n\n<p>La idea es que en cada zona las obras se extiendan entre tres semanas o un mes, pero hay sectores en los que por factores mencionados anteriormente requerir\u00e1n de m\u00e1s tiempo.<\/p>\n","protected":false},"excerpt":{"rendered":"<p>M\u00e1s de mil 500 metros de veredas se encuentra interviniendo el municipio en sectores en los que se encontraban en malas condiciones o que no cumpl\u00edan con el ancho m\u00ednimo Villa El Castillo, El Estero, Villa Las Palmas, Villa Los Aromos, Calle Los Guindos, Calle Los Perales, Cancha de Carrera, Poblaci\u00f3n Juan XXIII, Poblaci\u00f3n La &hellip;<\/p>\n","protected":false},"author":2,"featured_media":3509,"comment_status":"open","ping_status":"open","sticky":false,"template":"","format":"standard","meta":{"spay_email":""},"categories":[7],"tags":[8],"jetpack_featured_media_url":"https:\/\/lavozdesanesteban.cl\/wp-content\/uploads\/2023\/08\/VEREDAS-scaled.jpg","_links":{"self":[{"href":"https:\/\/lavozdesanesteban.cl\/index.php\/wp-json\/wp\/v2\/posts\/3508"}],"collection":[{"href":"https:\/\/lavozdesanesteban.cl\/index.php\/wp-json\/wp\/v2\/posts"}],"about":[{"href":"https:\/\/lavozdesanesteban.cl\/index.php\/wp-json\/wp\/v2\/types\/post"}],"author":[{"embeddable":true,"href":"https:\/\/lavozdesanesteban.cl\/index.php\/wp-json\/wp\/v2\/users\/2"}],"replies":[{"embeddable":true,"href":"https:\/\/lavozdesanesteban.cl\/index.php\/wp-json\/wp\/v2\/comments?post=3508"}],"version-history":[{"count":1,"href":"https:\/\/lavozdesanesteban.cl\/index.php\/wp-json\/wp\/v2\/posts\/3508\/revisions"}],"predecessor-version":[{"id":3510,"href":"https:\/\/lavozdesanesteban.cl\/index.php\/wp-json\/wp\/v2\/posts\/3508\/revisions\/3510"}],"wp:featuredmedia":[{"embeddable":true,"href":"https:\/\/lavozdesanesteban.cl\/index.php\/wp-json\/wp\/v2\/media\/3509"}],"wp:attachment":[{"href":"https:\/\/lavozdesanesteban.cl\/index.php\/wp-json\/wp\/v2\/media?parent=3508"}],"wp:term":[{"taxonomy":"category","embeddable":true,"href":"https:\/\/lavozdesanesteban.cl\/index.php\/wp-json\/wp\/v2\/categories?post=3508"},{"taxonomy":"post_tag","embeddable":true,"href":"https:\/\/lavozdesanesteban.cl\/index.php\/wp-json\/wp\/v2\/tags?post=3508"}],"curies":[{"name":"wp","href":"https:\/\/api.w.org\/{rel}","templated":true}]}}