{"id":3526,"date":"2023-08-09T05:16:57","date_gmt":"2023-08-09T05:16:57","guid":{"rendered":"https:\/\/lavozdesanesteban.cl\/?p=3526"},"modified":"2023-08-09T05:16:59","modified_gmt":"2023-08-09T05:16:59","slug":"hora-facil-cesfam-centenario-habilita-numero-telefonico-para-agendar-atencion-de-morbilidad-medica","status":"publish","type":"post","link":"https:\/\/lavozdesanesteban.cl\/index.php\/2023\/08\/09\/hora-facil-cesfam-centenario-habilita-numero-telefonico-para-agendar-atencion-de-morbilidad-medica\/","title":{"rendered":"Hora F\u00e1cil: Cesfam Centenario habilita n\u00famero telef\u00f3nico para agendar atenci\u00f3n de morbilidad m\u00e9dica"},"content":{"rendered":"\n<p><\/p>\n\n\n\n<p>Con el objetivo de dar respuesta a los numerosos llamados por parte de los usuarios y usuarias de la comuna, Cesfam Centenario habilit\u00f3 una plataforma de agendamiento de prestaciones m\u00e9dicas denominada \u201cHora F\u00e1cil\u201d. La l\u00ednea, est\u00e1 destinada a quienes requieran atenci\u00f3n de morbilidad al n\u00famero <strong>800 432 333<\/strong>.<\/p>\n\n\n\n<p>Carlos Inzunza, jefe de SOME del Cesfam Centenario, explic\u00f3 el funcionamiento. El profesional detalla que este n\u00famero es exclusivamente para agendar horas de morbilidad m\u00e9dica, y no para otros controles o urgencias. \u201ces de exclusividad para solicitar horas de morbilidad m\u00e9dica, una vez marcando el n\u00famero telef\u00f3nico y colocando tu rut, se otorgar\u00e1 autom\u00e1ticamente una hora para los usuarios del Cesfam Centenario, Cecosf Juan Pablo II y Posta R\u00edo Blanco\u201d.<\/p>\n\n\n\n<p>Gloria Mu\u00f1oz, directora del Cesfam Centenario, agreg\u00f3 que \u201cHora F\u00e1cil\u201d est\u00e1 pensada para acercar la atenci\u00f3n a las personas: \u201cpara solicitar hora cuando tengan un resfr\u00edo, un problema estomacal, alg\u00fan dolor, consultas que no tengan que ver con controles de enfermedades cr\u00f3nicas que ya est\u00e1n previamente programadas\u201d.<\/p>\n\n\n\n<p>Diversas acciones se est\u00e1n realizando desde el Departamento Municipal de Salud en Los Andes. El alcalde Manuel Rivera visit\u00f3 el cesfam para probar esta plataforma y revisar su funcionamiento autom\u00e1tico: \u201ces una buena noticia en materia de salud, siempre estamos empe\u00f1ados en mejorar la atenci\u00f3n, las personas van a poder llamar desde las 07.30 hasta las 09.30 para agendar atenciones durante el mismo d\u00eda\u201d.<\/p>\n\n\n\n<p>La l\u00ednea 800 est\u00e1 operativa de lunes a viernes entre 07.30 y 09.30 horas. Desde el centro de salud tambi\u00e9n se\u00f1alaron que quienes tengan su hora agendada y no puedan acudir, la plataforma tambi\u00e9n da la posibilidad de devolver o anular esa cita, con el fin de poder otorgar ese cupo a otra persona que lo requiera.<\/p>\n","protected":false},"excerpt":{"rendered":"<p>Con el objetivo de dar respuesta a los numerosos llamados por parte de los usuarios y usuarias de la comuna, Cesfam Centenario habilit\u00f3 una plataforma de agendamiento de prestaciones m\u00e9dicas denominada \u201cHora F\u00e1cil\u201d. La l\u00ednea, est\u00e1 destinada a quienes requieran atenci\u00f3n de morbilidad al n\u00famero 800 432 333. Carlos Inzunza, jefe de SOME del Cesfam &hellip;<\/p>\n","protected":false},"author":2,"featured_media":3527,"comment_status":"open","ping_status":"open","sticky":false,"template":"","format":"standard","meta":{"spay_email":""},"categories":[7],"tags":[8],"jetpack_featured_media_url":"https:\/\/lavozdesanesteban.cl\/wp-content\/uploads\/2023\/08\/HoraFacil.png","_links":{"self":[{"href":"https:\/\/lavozdesanesteban.cl\/index.php\/wp-json\/wp\/v2\/posts\/3526"}],"collection":[{"href":"https:\/\/lavozdesanesteban.cl\/index.php\/wp-json\/wp\/v2\/posts"}],"about":[{"href":"https:\/\/lavozdesanesteban.cl\/index.php\/wp-json\/wp\/v2\/types\/post"}],"author":[{"embeddable":true,"href":"https:\/\/lavozdesanesteban.cl\/index.php\/wp-json\/wp\/v2\/users\/2"}],"replies":[{"embeddable":true,"href":"https:\/\/lavozdesanesteban.cl\/index.php\/wp-json\/wp\/v2\/comments?post=3526"}],"version-history":[{"count":1,"href":"https:\/\/lavozdesanesteban.cl\/index.php\/wp-json\/wp\/v2\/posts\/3526\/revisions"}],"predecessor-version":[{"id":3528,"href":"https:\/\/lavozdesanesteban.cl\/index.php\/wp-json\/wp\/v2\/posts\/3526\/revisions\/3528"}],"wp:featuredmedia":[{"embeddable":true,"href":"https:\/\/lavozdesanesteban.cl\/index.php\/wp-json\/wp\/v2\/media\/3527"}],"wp:attachment":[{"href":"https:\/\/lavozdesanesteban.cl\/index.php\/wp-json\/wp\/v2\/media?parent=3526"}],"wp:term":[{"taxonomy":"category","embeddable":true,"href":"https:\/\/lavozdesanesteban.cl\/index.php\/wp-json\/wp\/v2\/categories?post=3526"},{"taxonomy":"post_tag","embeddable":true,"href":"https:\/\/lavozdesanesteban.cl\/index.php\/wp-json\/wp\/v2\/tags?post=3526"}],"curies":[{"name":"wp","href":"https:\/\/api.w.org\/{rel}","templated":true}]}}