{"id":3535,"date":"2023-08-09T05:24:28","date_gmt":"2023-08-09T05:24:28","guid":{"rendered":"https:\/\/lavozdesanesteban.cl\/?p=3535"},"modified":"2023-08-09T05:24:30","modified_gmt":"2023-08-09T05:24:30","slug":"mas-de-100-organizaciones-fueron-beneficiadas-con-el-fondo-municipal-concursable-de-san-esteban","status":"publish","type":"post","link":"https:\/\/lavozdesanesteban.cl\/index.php\/2023\/08\/09\/mas-de-100-organizaciones-fueron-beneficiadas-con-el-fondo-municipal-concursable-de-san-esteban\/","title":{"rendered":"M\u00e1s de 100 organizaciones fueron beneficiadas con el Fondo municipal concursable de San Esteban"},"content":{"rendered":"\n<p><\/p>\n\n\n\n<ul><li>Con recursos netamente municipales, que ascendieron a m\u00e1s de 100 millones de pesos, se podr\u00e1n desarrollar diversas iniciativas que favorecer\u00e1n el desarrollo de las comunidades.<\/li><\/ul>\n\n\n\n<p>Con una masiva concurrencia, el Municipio de San Esteban entreg\u00f3 los fondos concursables 2023, que este a\u00f1o ascendieron a m\u00e1s de 100 millones de pesos, beneficiando a 113 agrupaciones, quienes podr\u00e1n financiar diversos proyectos de inter\u00e9s que favorecer\u00e1n el desarrollo de sus comunidades.<\/p>\n\n\n\n<p>Esta modalidad, que reemplaz\u00f3 a las conocidas subvenciones, cuenta con un mecanismo claro, normado y abierto a la comunidad, lo que sin duda favorece la participaci\u00f3n ciudadana.<\/p>\n\n\n\n<p>En esta oportunidad, fueron beneficiadas agrupaciones que postularon proyectos sobre temas relacionados con adultos mayores, clubes y organizaciones deportivas y culturales.<\/p>\n\n\n\n<p>Por este motivo, el Alcalde Christian Ortega detall\u00f3 que se cumple con un compromiso de su administraci\u00f3n y del concejo municipal por aumentar el n\u00famero de beneficiados y de los recursos dispuestos para esta instancia participativa.<\/p>\n\n\n\n<p>El Director de Desarrollo Comunitario, Exequiel Vald\u00e9s, afirm\u00f3 que \u201cNos pone muy contento entregar estas 113 subvenciones, lo que habla del trabajo de nuestros equipos municipales, para desarrollar esta iniciativa que nos solicit\u00f3 el alcalde, sobre este proceso transparente y participativo. Lo que buscamos es la autonom\u00eda de las organizaciones y eso es lo que estamos promoviendo. Ahora, nos queda apoyar el proceso de ejecuci\u00f3n para que las organizaciones no se equivoquen y puedan rendir correctamente. Este es un gran impulso para el desarrollo local, porque significa que los recursos municipales se gastan justamente en lo que los vecinos decidan\u201d, afirm\u00f3.<\/p>\n\n\n\n<p>Junto al Alcalde Ortega, tambi\u00e9n asistieron el cuerpo de concejales y directivos municipales, quienes valoraron el trabajo de las y los dirigentes sociales.<\/p>\n","protected":false},"excerpt":{"rendered":"<p>Con recursos netamente municipales, que ascendieron a m\u00e1s de 100 millones de pesos, se podr\u00e1n desarrollar diversas iniciativas que favorecer\u00e1n el desarrollo de las comunidades. Con una masiva concurrencia, el Municipio de San Esteban entreg\u00f3 los fondos concursables 2023, que este a\u00f1o ascendieron a m\u00e1s de 100 millones de pesos, beneficiando a 113 agrupaciones, quienes &hellip;<\/p>\n","protected":false},"author":2,"featured_media":3536,"comment_status":"open","ping_status":"open","sticky":false,"template":"","format":"standard","meta":{"spay_email":""},"categories":[2],"tags":[8],"jetpack_featured_media_url":"https:\/\/lavozdesanesteban.cl\/wp-content\/uploads\/2023\/08\/subvenciones-municipales.jpeg","_links":{"self":[{"href":"https:\/\/lavozdesanesteban.cl\/index.php\/wp-json\/wp\/v2\/posts\/3535"}],"collection":[{"href":"https:\/\/lavozdesanesteban.cl\/index.php\/wp-json\/wp\/v2\/posts"}],"about":[{"href":"https:\/\/lavozdesanesteban.cl\/index.php\/wp-json\/wp\/v2\/types\/post"}],"author":[{"embeddable":true,"href":"https:\/\/lavozdesanesteban.cl\/index.php\/wp-json\/wp\/v2\/users\/2"}],"replies":[{"embeddable":true,"href":"https:\/\/lavozdesanesteban.cl\/index.php\/wp-json\/wp\/v2\/comments?post=3535"}],"version-history":[{"count":1,"href":"https:\/\/lavozdesanesteban.cl\/index.php\/wp-json\/wp\/v2\/posts\/3535\/revisions"}],"predecessor-version":[{"id":3537,"href":"https:\/\/lavozdesanesteban.cl\/index.php\/wp-json\/wp\/v2\/posts\/3535\/revisions\/3537"}],"wp:featuredmedia":[{"embeddable":true,"href":"https:\/\/lavozdesanesteban.cl\/index.php\/wp-json\/wp\/v2\/media\/3536"}],"wp:attachment":[{"href":"https:\/\/lavozdesanesteban.cl\/index.php\/wp-json\/wp\/v2\/media?parent=3535"}],"wp:term":[{"taxonomy":"category","embeddable":true,"href":"https:\/\/lavozdesanesteban.cl\/index.php\/wp-json\/wp\/v2\/categories?post=3535"},{"taxonomy":"post_tag","embeddable":true,"href":"https:\/\/lavozdesanesteban.cl\/index.php\/wp-json\/wp\/v2\/tags?post=3535"}],"curies":[{"name":"wp","href":"https:\/\/api.w.org\/{rel}","templated":true}]}}