{"id":3662,"date":"2023-10-03T00:10:37","date_gmt":"2023-10-03T00:10:37","guid":{"rendered":"https:\/\/lavozdesanesteban.cl\/?p=3662"},"modified":"2023-10-03T00:10:39","modified_gmt":"2023-10-03T00:10:39","slug":"60-emprendedoras-de-la-provincia-de-los-andes-dan-vida-a-la-feria-desafio-mujer-emprende","status":"publish","type":"post","link":"https:\/\/lavozdesanesteban.cl\/index.php\/2023\/10\/03\/60-emprendedoras-de-la-provincia-de-los-andes-dan-vida-a-la-feria-desafio-mujer-emprende\/","title":{"rendered":"60 emprendedoras de la provincia de Los Andes dan vida a la feria Desaf\u00edo Mujer Emprende"},"content":{"rendered":"\n<p><\/p>\n\n\n\n<p><em>En la Plaza de Armas de Los Andes se desarrolla la 7a Feria de Emprendedoras que re\u00fane a las emprendedoras de las cuatro comunas de la provincia.<\/em><\/p>\n\n\n\n<p>Tras la pandemia surgieron emprendimientos que permitieron dar alivio a mujeres, principalmente jefas de hogar. Surge as\u00ed la necesidad de ordenar y formalizar sus comercios a trav\u00e9s del Programa Transferencia Desaf\u00edo Mujer Emprende: Red Regional por el fomento al emprendimiento femenino post pandemia.<\/p>\n\n\n\n<p>Desde enero y hasta la fecha se desarrolla este programa que est\u00e1 haciendo este tipo de ferias en toda la regi\u00f3n. En el caso de Los Andes, se desarrolla en la Plaza de Armas, los d\u00edas 29, 30 de septiembre y 01 de octubre.<\/p>\n\n\n\n<p>Esteban Vega, del Programa de Transferencia Desaf\u00edo Mujer Emprende del Gobierno Regional coment\u00f3 que \u201cla feria est\u00e1 dentro del Programa, ejecutado por Asimet que promueve el emprendimiento femenino de 2.265 emprendedoras con dispositivos y apoyo en materias de capacitaci\u00f3n, difusi\u00f3n, articulaci\u00f3n de redes y apoyo a la formalizaci\u00f3n de sus comercios\u201d.<\/p>\n\n\n\n<p>Manuel Rivera, alcalde de Los Andes dijo que \u201cdebemos agradecer al Gobierno Regional que ha proporcionado los fondos para este programa y destacar estas ferias que presentan tres componentes que la hacen distinta, son ordenadas, seguras y formal. Son nuestras mujeres que a trav\u00e9s de los distintos programas le dan la posibilidad de formalizarse\u201d.<\/p>\n\n\n\n<p>Lily Vergara tiene un emprendimiento de papeler\u00eda y sublimaci\u00f3n: \u201cLo encuentro maravilloso que no est\u00e9n considerando a las mujeres, quienes somos las due\u00f1as del hogar y mantenemos a los hijos. Me parece que podr\u00edan generar m\u00e1s espacios como este\u201d.<\/p>\n","protected":false},"excerpt":{"rendered":"<p>En la Plaza de Armas de Los Andes se desarrolla la 7a Feria de Emprendedoras que re\u00fane a las emprendedoras de las cuatro comunas de la provincia. Tras la pandemia surgieron emprendimientos que permitieron dar alivio a mujeres, principalmente jefas de hogar. Surge as\u00ed la necesidad de ordenar y formalizar sus comercios a trav\u00e9s del &hellip;<\/p>\n","protected":false},"author":2,"featured_media":3663,"comment_status":"open","ping_status":"open","sticky":false,"template":"","format":"standard","meta":{"spay_email":""},"categories":[7],"tags":[8],"jetpack_featured_media_url":"https:\/\/lavozdesanesteban.cl\/wp-content\/uploads\/2023\/10\/EMPRENDE.jpeg","_links":{"self":[{"href":"https:\/\/lavozdesanesteban.cl\/index.php\/wp-json\/wp\/v2\/posts\/3662"}],"collection":[{"href":"https:\/\/lavozdesanesteban.cl\/index.php\/wp-json\/wp\/v2\/posts"}],"about":[{"href":"https:\/\/lavozdesanesteban.cl\/index.php\/wp-json\/wp\/v2\/types\/post"}],"author":[{"embeddable":true,"href":"https:\/\/lavozdesanesteban.cl\/index.php\/wp-json\/wp\/v2\/users\/2"}],"replies":[{"embeddable":true,"href":"https:\/\/lavozdesanesteban.cl\/index.php\/wp-json\/wp\/v2\/comments?post=3662"}],"version-history":[{"count":1,"href":"https:\/\/lavozdesanesteban.cl\/index.php\/wp-json\/wp\/v2\/posts\/3662\/revisions"}],"predecessor-version":[{"id":3664,"href":"https:\/\/lavozdesanesteban.cl\/index.php\/wp-json\/wp\/v2\/posts\/3662\/revisions\/3664"}],"wp:featuredmedia":[{"embeddable":true,"href":"https:\/\/lavozdesanesteban.cl\/index.php\/wp-json\/wp\/v2\/media\/3663"}],"wp:attachment":[{"href":"https:\/\/lavozdesanesteban.cl\/index.php\/wp-json\/wp\/v2\/media?parent=3662"}],"wp:term":[{"taxonomy":"category","embeddable":true,"href":"https:\/\/lavozdesanesteban.cl\/index.php\/wp-json\/wp\/v2\/categories?post=3662"},{"taxonomy":"post_tag","embeddable":true,"href":"https:\/\/lavozdesanesteban.cl\/index.php\/wp-json\/wp\/v2\/tags?post=3662"}],"curies":[{"name":"wp","href":"https:\/\/api.w.org\/{rel}","templated":true}]}}