{"id":3720,"date":"2023-10-20T01:11:14","date_gmt":"2023-10-20T01:11:14","guid":{"rendered":"https:\/\/lavozdesanesteban.cl\/?p=3720"},"modified":"2023-10-20T01:11:16","modified_gmt":"2023-10-20T01:11:16","slug":"san-esteban-recibio-la-antorcha-panamericana-en-la-antesala-de-la-inauguracion-de-santiago-2023","status":"publish","type":"post","link":"https:\/\/lavozdesanesteban.cl\/index.php\/2023\/10\/20\/san-esteban-recibio-la-antorcha-panamericana-en-la-antesala-de-la-inauguracion-de-santiago-2023\/","title":{"rendered":"San Esteban recibi\u00f3 la antorcha panamericana en la antesala de la inauguraci\u00f3n de Santiago 2023"},"content":{"rendered":"\n<p><\/p>\n\n\n\n<ul><li>Una decena de deportistas realizaron postas en la comuna para trasladar el fuego, desde el strip center hasta la Plaza de Armas, donde el Alcalde Ortega junto a los concejales y vecinos encendieron la llama panamericana.<\/li><\/ul>\n\n\n\n<p>Con \u00e9xito y mucha participaci\u00f3n de vecinas y vecinos, San Esteban recibi\u00f3 la antorcha panamericana previa al inicio del certamen internacional que reunir\u00e1 a los deportistas de distintos pa\u00edses del mundo y que tendr\u00e1 a la comuna como sede del canotaje slalom y kayak cross.<\/p>\n\n\n\n<p>La iniciativa, que se enmarca en la promoci\u00f3n de este certamen, cont\u00f3 con la participaci\u00f3n de 10 destacados deportistas y dirigentes vecinales, quienes realizaron el recorrido del fuego desde el strip center, ubicado en Avenida Alessandri, hasta la plaza de armas, donde lo esperaban cientos de sanestebinos, quienes valoraron esta hist\u00f3rica iniciativa.<\/p>\n\n\n\n<p>El alcalde Christian Ortega, quien junto a concejales y vecinos encendieron la llama panamericana, manifest\u00f3 que \u201cestamos contentos de ser parte de esta tremenda fiesta que hoy recorre gran parte del territorio, y que San Esteban sea sede es un gran orgullo. Quiero invitar a la gente a participar, a que sean parte de esta iniciativa hist\u00f3rica en el pa\u00eds, y, por sobre todo, para poner en valor el r\u00edo Aconcagua y en defensa de nuestros recursos naturales\u201d, destac\u00f3.<\/p>\n\n\n\n<p>Por su parte, Alejo Rodr\u00edguez, exfutbolista y uno de los que realizaron la posta, afirm\u00f3 que \u201cpara mi es un orgullo que me hayan sumado a esta fiesta. Es importante que nuestros vecinos participen y sepan que es una iniciativa hist\u00f3rica\u201d<\/p>\n\n\n\n<figure class=\"wp-block-gallery columns-1 is-cropped\"><ul class=\"blocks-gallery-grid\"><li class=\"blocks-gallery-item\"><figure><img loading=\"lazy\" width=\"1024\" height=\"683\" src=\"https:\/\/lavozdesanesteban.cl\/wp-content\/uploads\/2023\/10\/antorcha-panamericana-2-1024x683.jpeg\" alt=\"\" data-id=\"3722\" data-full-url=\"https:\/\/lavozdesanesteban.cl\/wp-content\/uploads\/2023\/10\/antorcha-panamericana-2.jpeg\" data-link=\"https:\/\/lavozdesanesteban.cl\/?attachment_id=3722\" class=\"wp-image-3722\" srcset=\"https:\/\/lavozdesanesteban.cl\/wp-content\/uploads\/2023\/10\/antorcha-panamericana-2-1024x683.jpeg 1024w, https:\/\/lavozdesanesteban.cl\/wp-content\/uploads\/2023\/10\/antorcha-panamericana-2-300x200.jpeg 300w, https:\/\/lavozdesanesteban.cl\/wp-content\/uploads\/2023\/10\/antorcha-panamericana-2-768x512.jpeg 768w, https:\/\/lavozdesanesteban.cl\/wp-content\/uploads\/2023\/10\/antorcha-panamericana-2.jpeg 1368w\" sizes=\"(max-width: 1024px) 100vw, 1024px\" \/><\/figure><\/li><\/ul><\/figure>\n\n\n\n<p>San Esteban se transforma en la \u00faltima comuna en recibir la antorcha previa a la inauguraci\u00f3n que se realizar\u00e1 este viernes, en el estadio nacional.<\/p>\n\n\n\n<p>Los deportistas que participaron en esta actividad fueron:<\/p>\n\n\n\n<p>JUAN MEDINA, Teniente de Carabineros y destacado deportista.<\/p>\n\n\n\n<p>&nbsp;MARCEL CORTEZ, Destacado Futbolista Nacional.<\/p>\n\n\n\n<p>PABLO BAEZ, Seleccionado Chileno Trail Running.<\/p>\n\n\n\n<p>&nbsp;CATALINA MUNDACA, Train Runner y destacada Monta\u00f1ista.<\/p>\n\n\n\n<p>&nbsp;LUCAS LOBOS, destacado Basquetbolista y Seleccionado Valle Aconcagua.<\/p>\n\n\n\n<p>PABLO PINO, estudiante de la Escuela Libertad Higueral y Deportista.<\/p>\n\n\n\n<p>ALEJO RODRIGUEZ, reconocido exfutbolista nacional.<\/p>\n\n\n\n<p>ANITA GOMEZ, Usuaria Programa Cardiovascular del Cesfam.<\/p>\n\n\n\n<p>MARIA ROSA UGALDE, Usuaria Programa Vida Sana.<\/p>\n\n\n\n<p>FLORENCIA RIQUELME, deportista paral\u00edmpica de a<a><\/a>tletismo.<\/p>\n","protected":false},"excerpt":{"rendered":"<p>Una decena de deportistas realizaron postas en la comuna para trasladar el fuego, desde el strip center hasta la Plaza de Armas, donde el Alcalde Ortega junto a los concejales y vecinos encendieron la llama panamericana. Con \u00e9xito y mucha participaci\u00f3n de vecinas y vecinos, San Esteban recibi\u00f3 la antorcha panamericana previa al inicio del &hellip;<\/p>\n","protected":false},"author":2,"featured_media":3721,"comment_status":"open","ping_status":"open","sticky":false,"template":"","format":"standard","meta":{"spay_email":""},"categories":[2],"tags":[8],"jetpack_featured_media_url":"https:\/\/lavozdesanesteban.cl\/wp-content\/uploads\/2023\/10\/antorcha-panamericana-1.jpeg","_links":{"self":[{"href":"https:\/\/lavozdesanesteban.cl\/index.php\/wp-json\/wp\/v2\/posts\/3720"}],"collection":[{"href":"https:\/\/lavozdesanesteban.cl\/index.php\/wp-json\/wp\/v2\/posts"}],"about":[{"href":"https:\/\/lavozdesanesteban.cl\/index.php\/wp-json\/wp\/v2\/types\/post"}],"author":[{"embeddable":true,"href":"https:\/\/lavozdesanesteban.cl\/index.php\/wp-json\/wp\/v2\/users\/2"}],"replies":[{"embeddable":true,"href":"https:\/\/lavozdesanesteban.cl\/index.php\/wp-json\/wp\/v2\/comments?post=3720"}],"version-history":[{"count":1,"href":"https:\/\/lavozdesanesteban.cl\/index.php\/wp-json\/wp\/v2\/posts\/3720\/revisions"}],"predecessor-version":[{"id":3723,"href":"https:\/\/lavozdesanesteban.cl\/index.php\/wp-json\/wp\/v2\/posts\/3720\/revisions\/3723"}],"wp:featuredmedia":[{"embeddable":true,"href":"https:\/\/lavozdesanesteban.cl\/index.php\/wp-json\/wp\/v2\/media\/3721"}],"wp:attachment":[{"href":"https:\/\/lavozdesanesteban.cl\/index.php\/wp-json\/wp\/v2\/media?parent=3720"}],"wp:term":[{"taxonomy":"category","embeddable":true,"href":"https:\/\/lavozdesanesteban.cl\/index.php\/wp-json\/wp\/v2\/categories?post=3720"},{"taxonomy":"post_tag","embeddable":true,"href":"https:\/\/lavozdesanesteban.cl\/index.php\/wp-json\/wp\/v2\/tags?post=3720"}],"curies":[{"name":"wp","href":"https:\/\/api.w.org\/{rel}","templated":true}]}}