{"id":3815,"date":"2023-12-05T03:01:11","date_gmt":"2023-12-05T03:01:11","guid":{"rendered":"https:\/\/lavozdesanesteban.cl\/?p=3815"},"modified":"2023-12-05T03:05:52","modified_gmt":"2023-12-05T03:05:52","slug":"esval-informa-inicio-de-temporada-de-mayor-consumo-y-reitera-el-llamado-a-uso-eficiente-del-agua","status":"publish","type":"post","link":"https:\/\/lavozdesanesteban.cl\/index.php\/2023\/12\/05\/esval-informa-inicio-de-temporada-de-mayor-consumo-y-reitera-el-llamado-a-uso-eficiente-del-agua\/","title":{"rendered":"Esval informa inicio de temporada de mayor consumo y reitera el llamado a uso eficiente del agua"},"content":{"rendered":"\n<p><\/p>\n\n\n\n<p>Desde hoy y hasta el 31 de marzo, rige el periodo de sobreconsumo para el servicio de agua potable. Esval record\u00f3 que la medida, que se aplica a nivel nacional de acuerdo con la normativa sanitaria, obedece a la necesidad de reforzar la operaci\u00f3n en el verano cuando se incrementan los consumos -principalmente por las altas temperaturas- y toda la infraestructura debe trabajar a mayor capacidad. \u00a0<\/p>\n\n\n\n<p>\u201cLos hogares que mantienen un consumo habitual durante el a\u00f1o y\/o no superan los 40 m3 por mes estar\u00e1n exentos de esta tarifa. Cerca del 10% de nuestros clientes exceden estos m\u00e1rgenes, y es fundamentalmente en febrero. Por eso, si bien en el periodo estival la hidrataci\u00f3n es muy importante, queremos recordar la importancia que tiene el uso eficiente del agua, recordando que la sequ\u00eda sigue presente\u201d, explic\u00f3 el gerente regional Alejandro Salas.<\/p>\n\n\n\n<p>El riego de jardines y el llenado de piscinas son acciones que se intensifican en esta \u00e9poca de mayores temperaturas, por lo que \u201creiteramos nuestro llamado a la conciencia y a buscar acciones que optimicen el uso del recurso. Esto especialmente tras los \u00faltimos informes de la Direcci\u00f3n Meteorol\u00f3gica de Chile (DMC), que indican que en la zona central del pa\u00eds se espera que las temperaturas est\u00e9n por sobre lo normal, principalmente en la zona de los valles, con term\u00f3metros que podr\u00edan superar&nbsp;los&nbsp;43\u00b0C\u201d, agreg\u00f3 el ejecutivo.<\/p>\n\n\n\n<p><strong>Algunos consejos:<\/strong><\/p>\n\n\n\n<ul><li>Programar el riego durante las horas m\u00e1s frescas del d\u00eda para minimizar la evaporaci\u00f3n y utilizar sistemas de riego eficientes.<\/li><li>Inspeccionar regularmente las instalaciones dom\u00e9sticas en busca de fugas en artefactos sanitarios, llaves, tuber\u00edas y sistemas de riego, ya que las p\u00e9rdidas peque\u00f1as pueden tener un impacto significativo.<\/li><li>Llenar piscinas con moderaci\u00f3n, mantenerlas adecuadamente y emplear cubiertas para reducir la evaporaci\u00f3n y conservar el agua.<\/li><\/ul>\n","protected":false},"excerpt":{"rendered":"<p>Desde hoy y hasta el 31 de marzo, rige el periodo de sobreconsumo para el servicio de agua potable. Esval record\u00f3 que la medida, que se aplica a nivel nacional de acuerdo con la normativa sanitaria, obedece a la necesidad de reforzar la operaci\u00f3n en el verano cuando se incrementan los consumos -principalmente por las &hellip;<\/p>\n","protected":false},"author":2,"featured_media":3816,"comment_status":"open","ping_status":"open","sticky":false,"template":"","format":"standard","meta":{"spay_email":""},"categories":[3],"tags":[8],"jetpack_featured_media_url":"https:\/\/lavozdesanesteban.cl\/wp-content\/uploads\/2023\/12\/Ola-de-calor-diciembre.jpeg","_links":{"self":[{"href":"https:\/\/lavozdesanesteban.cl\/index.php\/wp-json\/wp\/v2\/posts\/3815"}],"collection":[{"href":"https:\/\/lavozdesanesteban.cl\/index.php\/wp-json\/wp\/v2\/posts"}],"about":[{"href":"https:\/\/lavozdesanesteban.cl\/index.php\/wp-json\/wp\/v2\/types\/post"}],"author":[{"embeddable":true,"href":"https:\/\/lavozdesanesteban.cl\/index.php\/wp-json\/wp\/v2\/users\/2"}],"replies":[{"embeddable":true,"href":"https:\/\/lavozdesanesteban.cl\/index.php\/wp-json\/wp\/v2\/comments?post=3815"}],"version-history":[{"count":2,"href":"https:\/\/lavozdesanesteban.cl\/index.php\/wp-json\/wp\/v2\/posts\/3815\/revisions"}],"predecessor-version":[{"id":3821,"href":"https:\/\/lavozdesanesteban.cl\/index.php\/wp-json\/wp\/v2\/posts\/3815\/revisions\/3821"}],"wp:featuredmedia":[{"embeddable":true,"href":"https:\/\/lavozdesanesteban.cl\/index.php\/wp-json\/wp\/v2\/media\/3816"}],"wp:attachment":[{"href":"https:\/\/lavozdesanesteban.cl\/index.php\/wp-json\/wp\/v2\/media?parent=3815"}],"wp:term":[{"taxonomy":"category","embeddable":true,"href":"https:\/\/lavozdesanesteban.cl\/index.php\/wp-json\/wp\/v2\/categories?post=3815"},{"taxonomy":"post_tag","embeddable":true,"href":"https:\/\/lavozdesanesteban.cl\/index.php\/wp-json\/wp\/v2\/tags?post=3815"}],"curies":[{"name":"wp","href":"https:\/\/api.w.org\/{rel}","templated":true}]}}