{"id":3934,"date":"2024-01-19T01:26:40","date_gmt":"2024-01-19T01:26:40","guid":{"rendered":"https:\/\/lavozdesanesteban.cl\/?p=3934"},"modified":"2024-01-19T01:26:41","modified_gmt":"2024-01-19T01:26:41","slug":"estudiantes-egresados-de-liceos-tecnicos-profesionales-de-la-region-de-valparaiso-realizaron-prueba-diagnostica-en-preparacion-para-obtener-una-certificacion-en-instalacion-electrica-clase-d","status":"publish","type":"post","link":"https:\/\/lavozdesanesteban.cl\/index.php\/2024\/01\/19\/estudiantes-egresados-de-liceos-tecnicos-profesionales-de-la-region-de-valparaiso-realizaron-prueba-diagnostica-en-preparacion-para-obtener-una-certificacion-en-instalacion-electrica-clase-d\/","title":{"rendered":"Estudiantes egresados de liceos t\u00e9cnicos profesionales de la Regi\u00f3n de Valpara\u00edso realizaron prueba diagn\u00f3stica en preparaci\u00f3n para obtener una certificaci\u00f3n en instalaci\u00f3n el\u00e9ctrica clase D"},"content":{"rendered":"\n<p><\/p>\n\n\n\n<p>El mi\u00e9rcoles 17 de enero en el marco del proyecto \u201cCertificaci\u00f3n perfil Instalador El\u00e9ctrico Clase D\u201d, en INACAP sede Valpara\u00edso se realiz\u00f3 la prueba diagn\u00f3stica a 57 candidatos\/as de 3ro y 4to medio de liceos t\u00e9cnicos profesionales de la regi\u00f3n, preparando lo que ser\u00e1 la prueba final en abril y que tiene por objetivo entregar a los estudiantes esta certificaci\u00f3n SEC, por medio de un proyecto que es impulsado por ChileValora, Red Futuro T\u00e9cnico Valpara\u00edso, Seremis de Energ\u00eda y Educaci\u00f3n, SENCE e INACAP sede Valpara\u00edso.<\/p>\n\n\n\n<p>El proyecto contempla la participaci\u00f3n de 120 alumnos\/as de 16 liceos t\u00e9cnicos con especialidad en instalaci\u00f3n el\u00e9ctrica en la prueba final. Las evaluaciones se llevar\u00e1n a cabo en 6 liceos t\u00e9cnicos de la regi\u00f3n, distribuidos en las provincias de Quillota, Los Andes, Quilpu\u00e9, Valpara\u00edso y San Antonio.<\/p>\n\n\n\n<p>\u201cEsta actividad es el puntapi\u00e9 inicial que nace desde la mesa de Capital Humano que lleva la Seremi de Energ\u00eda y a la vez una Pol\u00edtica P\u00fablica del Ministerio de Energ\u00eda, en donde nosotros como servicio necesitamos capacitar, y para ello necesitamos a la academia, los Servicios P\u00fablicos y el sector privado. Entonces hoy hicimos esta uni\u00f3n de todos los actores, estamos con la intenci\u00f3n de capacitar y certificar a 120 estudiantes de Liceos T\u00e9cnicos Profesionales, por lo que es una muy buena iniciativa para seguir fomentando el desarrollo en materias de energ\u00eda\u201d explic\u00f3 la seremi de Energ\u00eda, Arife Mansur.<\/p>\n\n\n\n<p>\u201cPrincipalmente lo que queremos hacer es la disminuci\u00f3n de brechas, sabemos y estamos conscientes que nos falta mano de obra, por lo tanto, el hacer estas actividades apuntan este objetivo de incorporar capital humano al sector energ\u00e9tico\u201d puntualiz\u00f3 Mansur.<\/p>\n\n\n\n<p>Este esfuerzo es de gran importancia para los y las estudiantes, ya que tendr\u00e1 un impacto directo en sus trayectorias formativo-laborales, as\u00ed se\u00f1al\u00f3 la Seremi de Educaci\u00f3n de la Regi\u00f3n de Valpara\u00edso, Romina Maraga\u00f1o, destacando que: \u201cEstamos muy contentos de esta posibilidad de certificaci\u00f3n que apoyar\u00e1 a 120 estudiantes de los liceos t\u00e9cnicos profesionales de la regi\u00f3n de Valpara\u00edso, para ampliar y diversificar su oportunidad laboral. Creemos que hoy tenemos como Estado, y en una alianza p\u00fablico-privada, la responsabilidad de generar competencias y habilidades en los estudiantes, para garantizar un aprendizaje integral y mejorar sus oportunidades laborales. Tenemos que seguir estrechando esta articulaci\u00f3n entre los distintos sectores, ampliar tambi\u00e9n la posibilidad de diversas capacitaciones, que hoy d\u00eda es en sistema el\u00e9ctrico, pero esperamos tambi\u00e9n que sea en otras especialidades, porque las carreras t\u00e9cnicas son futuro y presente para nuestro pa\u00eds\u201d.<\/p>\n\n\n\n<figure class=\"wp-block-gallery columns-1 is-cropped\"><ul class=\"blocks-gallery-grid\"><li class=\"blocks-gallery-item\"><figure><img loading=\"lazy\" width=\"1024\" height=\"683\" src=\"https:\/\/lavozdesanesteban.cl\/wp-content\/uploads\/2024\/01\/ELECTRICO-1024x683.jpg\" alt=\"\" data-id=\"3935\" data-full-url=\"https:\/\/lavozdesanesteban.cl\/wp-content\/uploads\/2024\/01\/ELECTRICO-scaled.jpg\" data-link=\"https:\/\/lavozdesanesteban.cl\/?attachment_id=3935\" class=\"wp-image-3935\" srcset=\"https:\/\/lavozdesanesteban.cl\/wp-content\/uploads\/2024\/01\/ELECTRICO-1024x683.jpg 1024w, https:\/\/lavozdesanesteban.cl\/wp-content\/uploads\/2024\/01\/ELECTRICO-300x200.jpg 300w, https:\/\/lavozdesanesteban.cl\/wp-content\/uploads\/2024\/01\/ELECTRICO-768x512.jpg 768w, https:\/\/lavozdesanesteban.cl\/wp-content\/uploads\/2024\/01\/ELECTRICO-1536x1024.jpg 1536w, https:\/\/lavozdesanesteban.cl\/wp-content\/uploads\/2024\/01\/ELECTRICO-2048x1365.jpg 2048w\" sizes=\"(max-width: 1024px) 100vw, 1024px\" \/><\/figure><\/li><\/ul><\/figure>\n\n\n\n<p>En tanto, el coordinador de la Red Futuro T\u00e9cnico Valpara\u00edso -iniciativa del Ministerio de Educaci\u00f3n, ejecutada en el territorio por Fundaci\u00f3n Chile-, Enzo Molina, se\u00f1al\u00f3 que: \u201cEste proyecto nace el 2022 con una iniciativa que se abord\u00f3 en muchas mesas de trabajo que tuvimos junto a la Seremi de Educaci\u00f3n y Energ\u00eda, donde felizmente lograremos certificar a 120 estudiantes, gracias a que levantamos fondos por SENCE. Tuvimos una gran convocatoria de estudiantes para la evaluaci\u00f3n diagn\u00f3stica, Inacap nos facilit\u00f3 espacios para congregarlos y llevar a cabo esta evaluaci\u00f3n diagnostica que les permite medir sus capacidades. Nuestro sue\u00f1o no se queda aqu\u00ed, seguiremos trabajando para que todos los liceos EMTP con la especialidad de electricidad de nuestra red puedan obtener la certificaci\u00f3n SEC cuando sus estudiantes salgan de cuarto medio. C\u00f3mo red seguiremos trabajando en ello, articul\u00e1ndonos con todos los actores que formaron parte de este gran primer paso.\u201d<\/p>\n\n\n\n<p>Gonzalo Vallejo, Vicerrector de INACAP sede Valpara\u00edso, casa de estudios facilitadora del espacio f\u00edsico y contenido para la realizaci\u00f3n de la prueba, coment\u00f3 que \u201cnosotros siempre vamos a facilitar los espacios necesarios para generar la articulaci\u00f3n con los colegios t\u00e9cnicos profesionales de la regi\u00f3n, esas brechas que hoy existen, nosotros venimos a ayudar y apoyar a combatirla, aportando en la articulaci\u00f3n del trabajo entre el sector privado y p\u00fablico en post de los estudiantes (\u2026), esto que ocurre hoy es muy importante, ya que brinda mayores oportunidades a los estudiantes, con acompa\u00f1amientos reales que les permiten tener acceso a infraestructuras y cursos, obteniendo certificaciones con el fin de mejorar sus calidades de vida, nos sentimos orgullosos de ser parte de esto\u201d.<\/p>\n\n\n\n<p>Finalmente, Francisco Torres, estudiante del Colegio Diego Echeverria de Quillota, de la especialidad de electricidad, coment\u00f3 tras rendir su prueba de evaluaci\u00f3n que \u201cestas oportunidades son muy valiosas, nos permite conocer en qu\u00e9 nivel estamos y reconocer nuestras fortalezas y debilidades. Personalmente tengo muchas ganas de certificarme y dedicarme a esto que me encanta. Yo quiero seguir estudiando, ya me matricul\u00e9 en una carrera de ingenier\u00eda, y esta certificaci\u00f3n me sirve mucho ahora y para mi futuro\u201d.<\/p>\n\n\n\n<p>As\u00ed, la realizaci\u00f3n exitosa de la prueba diagn\u00f3stica marca un hito en el camino hacia la certificaci\u00f3n en instalaci\u00f3n el\u00e9ctrica Clase D para estos estudiantes. Este proyecto, respaldado por una colaboraci\u00f3n s\u00f3lida entre las Seremis de Energ\u00eda y Educaci\u00f3n, Red Futuro T\u00e9cnico Valpara\u00edso, SENCE, ChileValora e INACAP sede Valpara\u00edso, refleja el compromiso conjunto de instituciones p\u00fablicas y privadas para impulsar el desarrollo t\u00e9cnico y profesional en el territorio. Trabajo colaborativo que tendr\u00e1 un gran impacto en las vidas y carreras de los estudiantes, abriendo puertas a nuevas oportunidades y contribuyendo al fortalecimiento del sector el\u00e9ctrico y t\u00e9cnico de la regi\u00f3n.<\/p>\n","protected":false},"excerpt":{"rendered":"<p>El mi\u00e9rcoles 17 de enero en el marco del proyecto \u201cCertificaci\u00f3n perfil Instalador El\u00e9ctrico Clase D\u201d, en INACAP sede Valpara\u00edso se realiz\u00f3 la prueba diagn\u00f3stica a 57 candidatos\/as de 3ro y 4to medio de liceos t\u00e9cnicos profesionales de la regi\u00f3n, preparando lo que ser\u00e1 la prueba final en abril y que tiene por objetivo entregar &hellip;<\/p>\n","protected":false},"author":2,"featured_media":3936,"comment_status":"open","ping_status":"open","sticky":false,"template":"","format":"standard","meta":{"spay_email":""},"categories":[3],"tags":[8],"jetpack_featured_media_url":"https:\/\/lavozdesanesteban.cl\/wp-content\/uploads\/2024\/01\/ELECTRICOO-scaled.jpg","_links":{"self":[{"href":"https:\/\/lavozdesanesteban.cl\/index.php\/wp-json\/wp\/v2\/posts\/3934"}],"collection":[{"href":"https:\/\/lavozdesanesteban.cl\/index.php\/wp-json\/wp\/v2\/posts"}],"about":[{"href":"https:\/\/lavozdesanesteban.cl\/index.php\/wp-json\/wp\/v2\/types\/post"}],"author":[{"embeddable":true,"href":"https:\/\/lavozdesanesteban.cl\/index.php\/wp-json\/wp\/v2\/users\/2"}],"replies":[{"embeddable":true,"href":"https:\/\/lavozdesanesteban.cl\/index.php\/wp-json\/wp\/v2\/comments?post=3934"}],"version-history":[{"count":1,"href":"https:\/\/lavozdesanesteban.cl\/index.php\/wp-json\/wp\/v2\/posts\/3934\/revisions"}],"predecessor-version":[{"id":3937,"href":"https:\/\/lavozdesanesteban.cl\/index.php\/wp-json\/wp\/v2\/posts\/3934\/revisions\/3937"}],"wp:featuredmedia":[{"embeddable":true,"href":"https:\/\/lavozdesanesteban.cl\/index.php\/wp-json\/wp\/v2\/media\/3936"}],"wp:attachment":[{"href":"https:\/\/lavozdesanesteban.cl\/index.php\/wp-json\/wp\/v2\/media?parent=3934"}],"wp:term":[{"taxonomy":"category","embeddable":true,"href":"https:\/\/lavozdesanesteban.cl\/index.php\/wp-json\/wp\/v2\/categories?post=3934"},{"taxonomy":"post_tag","embeddable":true,"href":"https:\/\/lavozdesanesteban.cl\/index.php\/wp-json\/wp\/v2\/tags?post=3934"}],"curies":[{"name":"wp","href":"https:\/\/api.w.org\/{rel}","templated":true}]}}