{"id":4020,"date":"2024-03-01T02:46:46","date_gmt":"2024-03-01T02:46:46","guid":{"rendered":"https:\/\/lavozdesanesteban.cl\/?p=4020"},"modified":"2024-03-01T02:46:47","modified_gmt":"2024-03-01T02:46:47","slug":"mas-de-treinta-mujeres-de-calle-larga-participaron-en-taller-de-emprendimiento-e-impulso-laboral","status":"publish","type":"post","link":"https:\/\/lavozdesanesteban.cl\/index.php\/2024\/03\/01\/mas-de-treinta-mujeres-de-calle-larga-participaron-en-taller-de-emprendimiento-e-impulso-laboral\/","title":{"rendered":"M\u00e1s de treinta mujeres de Calle Larga participaron en Taller de Emprendimiento e Impulso Laboral"},"content":{"rendered":"\n<p><\/p>\n\n\n\n<p><strong><em>El taller cooperativo fue financiado por el Fondo de Solidaridad e Inversi\u00f3n Social (FOSIS), mediante adjudicaci\u00f3n municipal. Treinta y dos mujeres&nbsp; iniciar\u00e1n sus propios negocios, junto a emprendedoras consolidadas.<\/em><\/strong><\/p>\n\n\n\n<p>\u201cEn otras me apoyo y me inspiro\u201d, as\u00ed se llam\u00f3 el exitoso taller de emprendimiento e impulso laboral femenino, en el que participaron treinta y dos mujeres que aprendieron t\u00e9cnicas de impulso y asociaci\u00f3n laboral. Financiado por el Fondo de Iniciativas Locales del Programa Familias del FOSIS y adjudicado por tercer a\u00f1o consecutivo, mediante gestiones de la DIDECO municipal, el curso sirvi\u00f3 como punto de encuentro para mujeres callelarguinas que iniciar\u00e1n emprendimientos, con vecinas due\u00f1as de negocios consolidados intercambiando experiencias y actividades formativas.<\/p>\n\n\n\n<p>La capacitaci\u00f3n se imparti\u00f3 en tres sesiones, con una metodolog\u00eda integral y participativa en el que las inscritas expusieron sus mecanismos en la generaci\u00f3n de ingresos y su rol de cuidadoras. De este modo, se promovieron pr\u00e1cticas de cooperativismo y asociaci\u00f3n, con su entorno, redes de apoyo y locales.<\/p>\n\n\n\n<p>Al respecto, el alcalde subrogante de Calle Larga, Pablo Santib\u00e1\u00f1ez, coment\u00f3 que oportunidades como estas son motivo de gran alegr\u00eda, \u201cpara poder ayudar a nuestras emprendedoras de la comuna, puedan formar redes de apoyo, se conozcan entre ellas y sacar adelante sus negocios. Para la administraci\u00f3n de la alcaldesa, Dina Gonz\u00e1lez, es primordial apoyar a las mujeres\u201d<\/p>\n\n\n\n<p>La capacitaci\u00f3n fue destinada a mujeres entre dieciocho a noventa a\u00f1os residentes de la comuna. La mayor\u00eda eran jefas de hogar, cuidadoras de hijas e hijos, con ideas de emprendimiento no ejecutadas. Una de ellas fue Paula Montenegro, due\u00f1a de un emprendimiento de juegos inflables y jugueter\u00eda, quien calific\u00f3 la instancia como \u201cmuy buena. Me sirvi\u00f3 para adquirir experiencias de otras compa\u00f1eras y aconsejar a aquellas que todav\u00eda no emprenden. Aclara muchos conceptos para entender este rubro\u201d.<\/p>\n\n\n\n<p>Compartiendo la satisfactoria instancia, Margaret Ortega, participante y propietaria de un negocio de ropa corporativa y elementos de protecci\u00f3n personal, dijo que fue \u201cenriquecedora y nos permiti\u00f3 conocer a mujeres en nuestra misma postura, junto con saber que no estamos solas. Nos apoya el municipio y todos sus departamentos\u201d.<\/p>\n","protected":false},"excerpt":{"rendered":"<p>El taller cooperativo fue financiado por el Fondo de Solidaridad e Inversi\u00f3n Social (FOSIS), mediante adjudicaci\u00f3n municipal. Treinta y dos mujeres&nbsp; iniciar\u00e1n sus propios negocios, junto a emprendedoras consolidadas. \u201cEn otras me apoyo y me inspiro\u201d, as\u00ed se llam\u00f3 el exitoso taller de emprendimiento e impulso laboral femenino, en el que participaron treinta y dos &hellip;<\/p>\n","protected":false},"author":2,"featured_media":4021,"comment_status":"open","ping_status":"open","sticky":false,"template":"","format":"standard","meta":{"spay_email":""},"categories":[7],"tags":[8],"jetpack_featured_media_url":"https:\/\/lavozdesanesteban.cl\/wp-content\/uploads\/2024\/03\/FOSIS.jpeg","_links":{"self":[{"href":"https:\/\/lavozdesanesteban.cl\/index.php\/wp-json\/wp\/v2\/posts\/4020"}],"collection":[{"href":"https:\/\/lavozdesanesteban.cl\/index.php\/wp-json\/wp\/v2\/posts"}],"about":[{"href":"https:\/\/lavozdesanesteban.cl\/index.php\/wp-json\/wp\/v2\/types\/post"}],"author":[{"embeddable":true,"href":"https:\/\/lavozdesanesteban.cl\/index.php\/wp-json\/wp\/v2\/users\/2"}],"replies":[{"embeddable":true,"href":"https:\/\/lavozdesanesteban.cl\/index.php\/wp-json\/wp\/v2\/comments?post=4020"}],"version-history":[{"count":1,"href":"https:\/\/lavozdesanesteban.cl\/index.php\/wp-json\/wp\/v2\/posts\/4020\/revisions"}],"predecessor-version":[{"id":4022,"href":"https:\/\/lavozdesanesteban.cl\/index.php\/wp-json\/wp\/v2\/posts\/4020\/revisions\/4022"}],"wp:featuredmedia":[{"embeddable":true,"href":"https:\/\/lavozdesanesteban.cl\/index.php\/wp-json\/wp\/v2\/media\/4021"}],"wp:attachment":[{"href":"https:\/\/lavozdesanesteban.cl\/index.php\/wp-json\/wp\/v2\/media?parent=4020"}],"wp:term":[{"taxonomy":"category","embeddable":true,"href":"https:\/\/lavozdesanesteban.cl\/index.php\/wp-json\/wp\/v2\/categories?post=4020"},{"taxonomy":"post_tag","embeddable":true,"href":"https:\/\/lavozdesanesteban.cl\/index.php\/wp-json\/wp\/v2\/tags?post=4020"}],"curies":[{"name":"wp","href":"https:\/\/api.w.org\/{rel}","templated":true}]}}