{"id":4023,"date":"2024-03-01T02:49:31","date_gmt":"2024-03-01T02:49:31","guid":{"rendered":"https:\/\/lavozdesanesteban.cl\/?p=4023"},"modified":"2024-03-01T02:49:33","modified_gmt":"2024-03-01T02:49:33","slug":"deportista-sanestebina-alcanzo-la-cima-mas-alta-de-america-el-monte-aconcagua","status":"publish","type":"post","link":"https:\/\/lavozdesanesteban.cl\/index.php\/2024\/03\/01\/deportista-sanestebina-alcanzo-la-cima-mas-alta-de-america-el-monte-aconcagua\/","title":{"rendered":"Deportista sanestebina alcanz\u00f3 la cima m\u00e1s alta de Am\u00e9rica, el monte Aconcagua"},"content":{"rendered":"\n<p><\/p>\n\n\n\n<ul><li>Catalina Mundaca y su equipo lograron escalar los casi 6900 metros sobre el nivel del mar, agregando un nuevo episodio a su exitosa carrera. Adem\u00e1s, agradeci\u00f3 el apoyo del municipio.<\/li><\/ul>\n\n\n\n<p>Una gran haza\u00f1a logr\u00f3 la andinista sanestebina, Catalina Mundaca, quien junto a su equipo, lograron escalar hasta a la cima del monte Aconcagua, el m\u00e1s alto de Am\u00e9rica, concretando as\u00ed uno de sus grandes anhelos.<\/p>\n\n\n\n<p>La joven deportista, de apenas 23 a\u00f1os, logr\u00f3 arribar hasta la cumbre despu\u00e9s de varios d\u00edas de expedici\u00f3n, la que inici\u00f3 el s\u00e1bado 3 de febrero, finalizando el jueves 15, cuando alcanz\u00f3 la cumbre en compa\u00f1\u00eda de su pareja.<\/p>\n\n\n\n<p>Este hito se logr\u00f3 gracias a recursos que el municipio le entreg\u00f3 a Catalina y que sirvieron para financiar parte de la expedici\u00f3n. En ese sentido, la deportista valor\u00f3 el apoyo de la instituci\u00f3n, se\u00f1alando que \u201cquiero darle un fraternal agradecimiento a la municipalidad de San Esteban por siempre apoyar mis locas ideas de llevar la comuna a todas las cumbres del mundo. Y, a toda la gente, quiero que sepan que si yo pude, ustedes pueden\u201d, afirm\u00f3.<\/p>\n\n\n\n<p>Junto con ello, hizo una especial invitaci\u00f3n a aprovechar los cerros y monta\u00f1as: \u201cSomos una comuna precordillerna y tenemos que ser potencia en este deporte. Tenemos la cordillera de patio trasero y debemos sacarle el m\u00e1ximo provecho. Para mi y Joaqu\u00edn esta expedici\u00f3n fue un sue\u00f1o cumplido, ya que somos nacidos y criados en el valle de Aconcagua, por lo que siempre miramos esta cumbre desde casa. Adem\u00e1s ambos tenemos condiciones f\u00edsicas y mentales para movernos en altura, lo que creemos debemos seguir trabajando para poder llegar a las cumbres m\u00e1s altas del mundo.\u201d, se\u00f1al\u00f3.<\/p>\n\n\n\n<p>Por su parte, el alcalde Christian Ortega catalog\u00f3 este logro como una \u201chaza\u00f1a hist\u00f3rica\u201d&nbsp; y estamos muy contentos y orgullosos que una deportista sanestebina haya alcanzado la cima de este monte. Como municipio, aportamos recursos para su expedici\u00f3n, as\u00ed que no nos queda m\u00e1s que valorar esta gran haza\u00f1a para el deporte. Seguiremos apoyando a nuestros deportistas locales en cada uno de sus anhelos\u201d, finaliz\u00f3.<\/p>\n","protected":false},"excerpt":{"rendered":"<p>Catalina Mundaca y su equipo lograron escalar los casi 6900 metros sobre el nivel del mar, agregando un nuevo episodio a su exitosa carrera. Adem\u00e1s, agradeci\u00f3 el apoyo del municipio. Una gran haza\u00f1a logr\u00f3 la andinista sanestebina, Catalina Mundaca, quien junto a su equipo, lograron escalar hasta a la cima del monte Aconcagua, el m\u00e1s &hellip;<\/p>\n","protected":false},"author":2,"featured_media":4024,"comment_status":"open","ping_status":"open","sticky":false,"template":"","format":"standard","meta":{"spay_email":""},"categories":[2],"tags":[8],"jetpack_featured_media_url":"https:\/\/lavozdesanesteban.cl\/wp-content\/uploads\/2024\/03\/CIMA.jpg","_links":{"self":[{"href":"https:\/\/lavozdesanesteban.cl\/index.php\/wp-json\/wp\/v2\/posts\/4023"}],"collection":[{"href":"https:\/\/lavozdesanesteban.cl\/index.php\/wp-json\/wp\/v2\/posts"}],"about":[{"href":"https:\/\/lavozdesanesteban.cl\/index.php\/wp-json\/wp\/v2\/types\/post"}],"author":[{"embeddable":true,"href":"https:\/\/lavozdesanesteban.cl\/index.php\/wp-json\/wp\/v2\/users\/2"}],"replies":[{"embeddable":true,"href":"https:\/\/lavozdesanesteban.cl\/index.php\/wp-json\/wp\/v2\/comments?post=4023"}],"version-history":[{"count":1,"href":"https:\/\/lavozdesanesteban.cl\/index.php\/wp-json\/wp\/v2\/posts\/4023\/revisions"}],"predecessor-version":[{"id":4025,"href":"https:\/\/lavozdesanesteban.cl\/index.php\/wp-json\/wp\/v2\/posts\/4023\/revisions\/4025"}],"wp:featuredmedia":[{"embeddable":true,"href":"https:\/\/lavozdesanesteban.cl\/index.php\/wp-json\/wp\/v2\/media\/4024"}],"wp:attachment":[{"href":"https:\/\/lavozdesanesteban.cl\/index.php\/wp-json\/wp\/v2\/media?parent=4023"}],"wp:term":[{"taxonomy":"category","embeddable":true,"href":"https:\/\/lavozdesanesteban.cl\/index.php\/wp-json\/wp\/v2\/categories?post=4023"},{"taxonomy":"post_tag","embeddable":true,"href":"https:\/\/lavozdesanesteban.cl\/index.php\/wp-json\/wp\/v2\/tags?post=4023"}],"curies":[{"name":"wp","href":"https:\/\/api.w.org\/{rel}","templated":true}]}}