{"id":4026,"date":"2024-03-01T02:52:39","date_gmt":"2024-03-01T02:52:39","guid":{"rendered":"https:\/\/lavozdesanesteban.cl\/?p=4026"},"modified":"2024-03-01T02:52:40","modified_gmt":"2024-03-01T02:52:40","slug":"programa-transformando-escuelas-de-colbun-define-ganadores-en-su-primer-desafio-de-innovacion-abierta","status":"publish","type":"post","link":"https:\/\/lavozdesanesteban.cl\/index.php\/2024\/03\/01\/programa-transformando-escuelas-de-colbun-define-ganadores-en-su-primer-desafio-de-innovacion-abierta\/","title":{"rendered":"PROGRAMA \u201cTRANSFORMANDO ESCUELAS\u201d DE COLB\u00daN DEFINE GANADORES EN SU PRIMER DESAF\u00cdO DE INNOVACI\u00d3N ABIERTA"},"content":{"rendered":"\n<p><\/p>\n\n\n\n<ul><li><em>Iniciativas de eficiencia h\u00eddrica, energ\u00eda y confort t\u00e9rmico buscan resolver problem\u00e1ticas en las escuelas R\u00edo Colorado de San Esteban y Abel Guerrero de Quillota.<\/em><\/li><\/ul>\n\n\n\n<p>Instalaci\u00f3n de paneles solares y sistemas de bater\u00edas, estanques con recirculaci\u00f3n de agua, aislaci\u00f3n t\u00e9rmica de paredes y techos, y el acompa\u00f1amiento de iniciativas educativas, son algunos de los proyectos y acciones que consideran las soluciones ganadoras del Primer Desaf\u00edo de Innovaci\u00f3n Social Abierta impulsado por la empresa Colb\u00fan y Fundaci\u00f3n Colb\u00fan.<\/p>\n\n\n\n<p>Ello se enmarca dentro del programa denominado \u201cTransformando Escuelas\u201d, que busca apoyar a establecimientos educacionales rurales en las zonas en que se encuentra presente la compa\u00f1\u00eda, con el objetivo de contribuir a su transformaci\u00f3n a trav\u00e9s de soluciones sostenibles e innovadoras que den respuesta a necesidades reales.<\/p>\n\n\n\n<p>En una primera etapa, el programa beneficiar\u00e1 a la escuela R\u00edo Colorado de la comuna de San Esteban y a la escuela Abel Guerrero de la localidad de San Pedro, en la comuna de Quillota, mediante la b\u00fasqueda de soluciones en materia de eficiencia h\u00eddrica, confort t\u00e9rmico y energ\u00eda.<\/p>\n\n\n\n<p>\u201cEl prop\u00f3sito de esta iniciativa es contribuir a mejorar las condiciones en que se desarrolla la vida escolar en establecimientos rurales, los cuales deben enfrentar diversas complejidades y problem\u00e1ticas, con un foco puesto en temas siempre vigentes y relevantes como es el acceso al agua y la energ\u00eda. Queremos ser un aporte para que ocurran cambios positivos en estas escuelas, donde la innovaci\u00f3n juegue un papel fundamental\u201d, se\u00f1al\u00f3 Pedro Vial, gerente de Asuntos Corporativos de Colb\u00fan.<\/p>\n\n\n\n<p>En agua, la propuesta ganadora recay\u00f3 en la empresa chilena \u201cEcological\u201d, la que plante\u00f3 un sistema que permitir\u00e1 asegurar la disponibilidad y calidad de agua potable de la Escuela R\u00edo Colorado, evitando la paralizaci\u00f3n de las actividades escolares en caso de interrupciones del suministro. La soluci\u00f3n considera un estanque de acumulaci\u00f3n de agua potable y un sistema de impulsi\u00f3n, esto acompa\u00f1ado de una propuesta educativa en torno a h\u00e1bitos de consumo y un kit de eficiencia h\u00eddrica.<\/p>\n\n\n\n<p>Soledad Squella, Directora Ejecutiva de Ecological, expres\u00f3 que \u201cvamos a responder a una problem\u00e1tica real de una escuela y con esto podremos dar soluci\u00f3n a ello. Nuestro proyecto consiste en acumular el agua para poder dar el caudal requerido y asegurarla todos los d\u00edas en la comunidad escolar, algo que necesitaban, ya que estaban interrumpiendo clases incluso por esta problem\u00e1tica. Es muy importante para nosotros trabajar con las escuelas y ense\u00f1arles el uso y cuidado del agua\u201d.<\/p>\n\n\n\n<figure class=\"wp-block-gallery columns-1 is-cropped\"><ul class=\"blocks-gallery-grid\"><li class=\"blocks-gallery-item\"><figure><img loading=\"lazy\" width=\"1024\" height=\"461\" src=\"https:\/\/lavozdesanesteban.cl\/wp-content\/uploads\/2024\/03\/Desafio-innovacion-social-Colbun-2-1024x461.jpg\" alt=\"\" data-id=\"4027\" data-full-url=\"https:\/\/lavozdesanesteban.cl\/wp-content\/uploads\/2024\/03\/Desafio-innovacion-social-Colbun-2.jpg\" data-link=\"https:\/\/lavozdesanesteban.cl\/?attachment_id=4027\" class=\"wp-image-4027\" srcset=\"https:\/\/lavozdesanesteban.cl\/wp-content\/uploads\/2024\/03\/Desafio-innovacion-social-Colbun-2-1024x461.jpg 1024w, https:\/\/lavozdesanesteban.cl\/wp-content\/uploads\/2024\/03\/Desafio-innovacion-social-Colbun-2-300x135.jpg 300w, https:\/\/lavozdesanesteban.cl\/wp-content\/uploads\/2024\/03\/Desafio-innovacion-social-Colbun-2-768x346.jpg 768w, https:\/\/lavozdesanesteban.cl\/wp-content\/uploads\/2024\/03\/Desafio-innovacion-social-Colbun-2.jpg 1280w\" sizes=\"(max-width: 1024px) 100vw, 1024px\" \/><\/figure><\/li><\/ul><\/figure>\n\n\n\n<p>En el caso de energ\u00eda, la triunfadora fue la empresa nacional \u201cEnerdis\u201d, cuya propuesta para ambas escuelas contempla la instalaci\u00f3n de paneles solares, junto con un sistema de respaldo energ\u00e9tico, a fin de garantizar el suministro en momentos cr\u00edticos. Asimismo, se entregar\u00e1n contenidos educativos para los estudiantes sobre eficiencia energ\u00e9tica, que incluir\u00e1n una plataforma interactiva, un sem\u00e1foro energ\u00e9tico, y bici-generadoras el\u00e9ctricas.<\/p>\n\n\n\n<p>Dasla Pando, Directora Ejecutiva de Enerdis, se\u00f1al\u00f3 que \u201cel hecho de poder participar en proyectos que entreguen de alguna manera formaci\u00f3n en temas energ\u00e9ticos, especialmente para las ni\u00f1os y ni\u00f1as, es algo que motiva a nuestro equipo. Poder generar conocimientos respecto a energ\u00edas y lo que significa generar electricidad es un pilar fundamental en nuestro quehacer. Con este proyecto estamos abordando el futuro de las nuevas generaciones, quienes ya tienen una sensibilizaci\u00f3n m\u00e1s profunda acerca de este tema\u201d<\/p>\n\n\n\n<p>Finalmente, el consultor espa\u00f1ol Jes\u00fas del Val Molina gan\u00f3 en la b\u00fasqueda de una soluci\u00f3n t\u00e9rmica en los dos establecimientos educacionales, donde la propuesta est\u00e1 basada en aplicar t\u00e9cnicas de vivienda pasiva, a trav\u00e9s de sistemas de aislamiento perimetral y el aprovechamiento de la energ\u00eda solar.<\/p>\n\n\n\n<p>Cabe destacar que el proceso de participaci\u00f3n al desaf\u00edo de innovaci\u00f3n social abierto, el cual fue apoyado por Ennomotive y Desaf\u00edo Levantemos Chile, se desarroll\u00f3 durante el segundo semestre del a\u00f1o pasado y estuvo dirigido a profesionales y empresas, centros tecnol\u00f3gicos, start-ups, ingenieros o acad\u00e9micos a nivel nacional e internacional, de forma individual o en equipos.<\/p>\n","protected":false},"excerpt":{"rendered":"<p>Iniciativas de eficiencia h\u00eddrica, energ\u00eda y confort t\u00e9rmico buscan resolver problem\u00e1ticas en las escuelas R\u00edo Colorado de San Esteban y Abel Guerrero de Quillota. Instalaci\u00f3n de paneles solares y sistemas de bater\u00edas, estanques con recirculaci\u00f3n de agua, aislaci\u00f3n t\u00e9rmica de paredes y techos, y el acompa\u00f1amiento de iniciativas educativas, son algunos de los proyectos y &hellip;<\/p>\n","protected":false},"author":2,"featured_media":4028,"comment_status":"open","ping_status":"open","sticky":false,"template":"","format":"standard","meta":{"spay_email":""},"categories":[2],"tags":[8],"jetpack_featured_media_url":"https:\/\/lavozdesanesteban.cl\/wp-content\/uploads\/2024\/03\/Desafio-innovacion-social-Colbun.jpg","_links":{"self":[{"href":"https:\/\/lavozdesanesteban.cl\/index.php\/wp-json\/wp\/v2\/posts\/4026"}],"collection":[{"href":"https:\/\/lavozdesanesteban.cl\/index.php\/wp-json\/wp\/v2\/posts"}],"about":[{"href":"https:\/\/lavozdesanesteban.cl\/index.php\/wp-json\/wp\/v2\/types\/post"}],"author":[{"embeddable":true,"href":"https:\/\/lavozdesanesteban.cl\/index.php\/wp-json\/wp\/v2\/users\/2"}],"replies":[{"embeddable":true,"href":"https:\/\/lavozdesanesteban.cl\/index.php\/wp-json\/wp\/v2\/comments?post=4026"}],"version-history":[{"count":1,"href":"https:\/\/lavozdesanesteban.cl\/index.php\/wp-json\/wp\/v2\/posts\/4026\/revisions"}],"predecessor-version":[{"id":4029,"href":"https:\/\/lavozdesanesteban.cl\/index.php\/wp-json\/wp\/v2\/posts\/4026\/revisions\/4029"}],"wp:featuredmedia":[{"embeddable":true,"href":"https:\/\/lavozdesanesteban.cl\/index.php\/wp-json\/wp\/v2\/media\/4028"}],"wp:attachment":[{"href":"https:\/\/lavozdesanesteban.cl\/index.php\/wp-json\/wp\/v2\/media?parent=4026"}],"wp:term":[{"taxonomy":"category","embeddable":true,"href":"https:\/\/lavozdesanesteban.cl\/index.php\/wp-json\/wp\/v2\/categories?post=4026"},{"taxonomy":"post_tag","embeddable":true,"href":"https:\/\/lavozdesanesteban.cl\/index.php\/wp-json\/wp\/v2\/tags?post=4026"}],"curies":[{"name":"wp","href":"https:\/\/api.w.org\/{rel}","templated":true}]}}