{"id":4030,"date":"2024-03-01T02:56:16","date_gmt":"2024-03-01T02:56:16","guid":{"rendered":"https:\/\/lavozdesanesteban.cl\/?p=4030"},"modified":"2024-03-01T02:56:18","modified_gmt":"2024-03-01T02:56:18","slug":"municipio-de-san-esteban-anuncio-que-este-lunes-comenzaran-las-postulaciones-para-la-beca-de-educacion-superior","status":"publish","type":"post","link":"https:\/\/lavozdesanesteban.cl\/index.php\/2024\/03\/01\/municipio-de-san-esteban-anuncio-que-este-lunes-comenzaran-las-postulaciones-para-la-beca-de-educacion-superior\/","title":{"rendered":"Municipio de San Esteban anunci\u00f3 que este lunes comenzar\u00e1n las postulaciones para la Beca de educaci\u00f3n superior"},"content":{"rendered":"\n<p><\/p>\n\n\n\n<p><strong>\u00a0<\/strong><\/p>\n\n\n\n<ul><li>Tal como los antes anteriores, el proceso se realizar\u00e1 completamente online y se extender\u00e1 hasta la primera semana de abril.<\/li><\/ul>\n\n\n\n<p>La Municipalidad de San Esteban hizo una invitaci\u00f3n a todos los estudiantes de educaci\u00f3n superior de la comuna a participar de las postulaciones a su Beca municipal, que estar\u00e1 disponible a partir de este lunes, 04 de marzo.<\/p>\n\n\n\n<p>El proceso, tal como los a\u00f1os anteriores, ser\u00e1 completamente online para evitar que los postulantes deban gastar dinero en pasajes y traslado, y se realizar\u00e1 a trav\u00e9s de la p\u00e1gina web del municipio <a href=\"http:\/\/www.munisanesteban.cl\">www.munisanesteban.cl<\/a>.<\/p>\n\n\n\n<p>Cabe recordar que esta beca es un beneficio municipal en dinero para que los estudiantes puedan adquirir lo que necesiten para desarrollar su proceso educativo, ya sea pagar fotocopias, adquirir \u00fatiles, entre otros.<\/p>\n\n\n\n<p>&nbsp;El Director de Desarrollo Comunitario, Exequiel Vald\u00e9s, manifest\u00f3 que \u201cEstamos muy contentos de informar a la comunidad que a partir de este lunes, iniciar\u00e1 el proceso de postulaci\u00f3n a la Beca San Esteban de educaci\u00f3n Superior, que nuevamente la realizaremos de manera online, para as\u00ed facilitar su participaci\u00f3n y evitar el traslado de las y los estudiantes. Es importante que ingresen a la p\u00e1gina web y revisen cu\u00e1les ser\u00e1n los documentos necesarios para postular y, ante cualquier duda, estar\u00e1 disponible nuestro mail para resolverlas\u201d, afirm\u00f3.<\/p>\n\n\n\n<p>Este proceso se extender\u00e1 hasta la primera semana de abril y se dispuso del mail <a href=\"mailto:director.dideco@munisanesteban.cl\">director.dideco@munisanesteban.cl<\/a> para resolver dudas y consultas.<\/p>\n","protected":false},"excerpt":{"rendered":"<p>\u00a0 Tal como los antes anteriores, el proceso se realizar\u00e1 completamente online y se extender\u00e1 hasta la primera semana de abril. La Municipalidad de San Esteban hizo una invitaci\u00f3n a todos los estudiantes de educaci\u00f3n superior de la comuna a participar de las postulaciones a su Beca municipal, que estar\u00e1 disponible a partir de este &hellip;<\/p>\n","protected":false},"author":2,"featured_media":4035,"comment_status":"open","ping_status":"open","sticky":false,"template":"","format":"standard","meta":{"spay_email":""},"categories":[2],"tags":[8],"jetpack_featured_media_url":"https:\/\/lavozdesanesteban.cl\/wp-content\/uploads\/2024\/03\/beca-educacion-superior.jpg","_links":{"self":[{"href":"https:\/\/lavozdesanesteban.cl\/index.php\/wp-json\/wp\/v2\/posts\/4030"}],"collection":[{"href":"https:\/\/lavozdesanesteban.cl\/index.php\/wp-json\/wp\/v2\/posts"}],"about":[{"href":"https:\/\/lavozdesanesteban.cl\/index.php\/wp-json\/wp\/v2\/types\/post"}],"author":[{"embeddable":true,"href":"https:\/\/lavozdesanesteban.cl\/index.php\/wp-json\/wp\/v2\/users\/2"}],"replies":[{"embeddable":true,"href":"https:\/\/lavozdesanesteban.cl\/index.php\/wp-json\/wp\/v2\/comments?post=4030"}],"version-history":[{"count":1,"href":"https:\/\/lavozdesanesteban.cl\/index.php\/wp-json\/wp\/v2\/posts\/4030\/revisions"}],"predecessor-version":[{"id":4036,"href":"https:\/\/lavozdesanesteban.cl\/index.php\/wp-json\/wp\/v2\/posts\/4030\/revisions\/4036"}],"wp:featuredmedia":[{"embeddable":true,"href":"https:\/\/lavozdesanesteban.cl\/index.php\/wp-json\/wp\/v2\/media\/4035"}],"wp:attachment":[{"href":"https:\/\/lavozdesanesteban.cl\/index.php\/wp-json\/wp\/v2\/media?parent=4030"}],"wp:term":[{"taxonomy":"category","embeddable":true,"href":"https:\/\/lavozdesanesteban.cl\/index.php\/wp-json\/wp\/v2\/categories?post=4030"},{"taxonomy":"post_tag","embeddable":true,"href":"https:\/\/lavozdesanesteban.cl\/index.php\/wp-json\/wp\/v2\/tags?post=4030"}],"curies":[{"name":"wp","href":"https:\/\/api.w.org\/{rel}","templated":true}]}}