{"id":4037,"date":"2024-03-01T03:01:07","date_gmt":"2024-03-01T03:01:07","guid":{"rendered":"https:\/\/lavozdesanesteban.cl\/?p=4037"},"modified":"2024-03-01T03:01:09","modified_gmt":"2024-03-01T03:01:09","slug":"profesional-de-daem-entrega-una-serie-de-recomendaciones-para-las-familias-de-cara-al-retorno-a-clases","status":"publish","type":"post","link":"https:\/\/lavozdesanesteban.cl\/index.php\/2024\/03\/01\/profesional-de-daem-entrega-una-serie-de-recomendaciones-para-las-familias-de-cara-al-retorno-a-clases\/","title":{"rendered":"Profesional de DAEM entrega una serie de recomendaciones para las familias de cara al retorno a clases"},"content":{"rendered":"\n<p><\/p>\n\n\n\n<ul><li>La encargada de Convivencia Escolar y psic\u00f3loga de DAEM, Paola Carvajal, indic\u00f3 que es importante que dejar las pantallas para conciliar mejor el sue\u00f1o y que las familias apoyen a los ni\u00f1os y ni\u00f1as a pocos d\u00edas de iniciar el a\u00f1o escolar 2024.<\/li><\/ul>\n\n\n\n<p><em>Las vacaciones de verano ya est\u00e1n finalizando y la vuelta a clases muchas veces puede producir una serie de efectos que, posiblemente, no todos los padres conocen, como pueden ser alteraciones en la calidad del sue\u00f1o y desmotivaci\u00f3n frente a las nuevas rutinas.<\/em><\/p>\n\n\n\n<p>El regreso a clases puede provocar sentimientos encontrados en los ni\u00f1os y adolescentes. Por una parte, felicidad por reencontrarse con los amigos, y por otra parte, est\u00e1 la incertidumbre de lo desconocido: nuevas exigencias y desaf\u00edos, nuevos compa\u00f1eros y profesores, entre otras cosas.<\/p>\n\n\n\n<p>En ese sentido, para comprender y apoyar esta materia, la Encargada de Convivencia Escolar Comunal y Psic\u00f3loga del Departamento de Educaci\u00f3n Municipal de San Esteban, Paola Carvajal, realiz\u00f3 un par de recomendaciones para que las ni\u00f1as y ni\u00f1os puedan tener un buen regreso e inicio de clases, afirmando que \u201cprimero quiero saludar a todos los ni\u00f1os y ni\u00f1as y adolescentes que vuelven a sus clases este a\u00f1o 2024, que viene lleno de desaf\u00edos y siempre de nuevo aprendizaje\u201d, inici\u00f3.<\/p>\n\n\n\n<p>Sobre ello, la profesional profundiz\u00f3: \u201cPrincipalmente les recomendar\u00eda a los padres y apoderados que progresivamente fueran preparando a los ni\u00f1os, ni\u00f1as y adolescentes al inicio de clases \u00bfpor qu\u00e9 hacer esto?, porque ellos pueden presentar angustia y estr\u00e9s, entonces no queremos que entren a clases con malas sensaciones. Es por ello que, a partir de unos d\u00edas antes, la idea es que los chicos y chicas empiecen a dejar los dispositivos electr\u00f3nicos (o pantallas); que cerca del anochecer le quitemos los dispositivos una hora antes y acompa\u00f1arlos y generar un lazo. Yo tambi\u00e9n invitar\u00eda a promover el dialogo familiar y validar las emociones, preguntarles c\u00f3mo se sienten de cara a comenzar un nuevo a\u00f1o escolar, la idea es demostrarles que estamos interesados y disponibles para ellos, para escucharlos. Les deseo lo mejor a todos los estudiantes de la comuna de San Esteban\u201d, continu\u00f3 Carvajal.<\/p>\n\n\n\n<p>Siguiendo esa l\u00ednea, la profesional de DAEM recalc\u00f3 la importancia de que las familias acompa\u00f1en a sus hijos en estos procesos de cambios que puedan tener y que la comunicaci\u00f3n en estas situaciones es fundamental para el bienestar de los ni\u00f1os y adolescentes.<\/p>\n","protected":false},"excerpt":{"rendered":"<p>La encargada de Convivencia Escolar y psic\u00f3loga de DAEM, Paola Carvajal, indic\u00f3 que es importante que dejar las pantallas para conciliar mejor el sue\u00f1o y que las familias apoyen a los ni\u00f1os y ni\u00f1as a pocos d\u00edas de iniciar el a\u00f1o escolar 2024. Las vacaciones de verano ya est\u00e1n finalizando y la vuelta a clases &hellip;<\/p>\n","protected":false},"author":2,"featured_media":4038,"comment_status":"open","ping_status":"open","sticky":false,"template":"","format":"standard","meta":{"spay_email":""},"categories":[2],"tags":[8],"jetpack_featured_media_url":"https:\/\/lavozdesanesteban.cl\/wp-content\/uploads\/2024\/03\/REGRESO-A-CLASES-2-scaled.jpg","_links":{"self":[{"href":"https:\/\/lavozdesanesteban.cl\/index.php\/wp-json\/wp\/v2\/posts\/4037"}],"collection":[{"href":"https:\/\/lavozdesanesteban.cl\/index.php\/wp-json\/wp\/v2\/posts"}],"about":[{"href":"https:\/\/lavozdesanesteban.cl\/index.php\/wp-json\/wp\/v2\/types\/post"}],"author":[{"embeddable":true,"href":"https:\/\/lavozdesanesteban.cl\/index.php\/wp-json\/wp\/v2\/users\/2"}],"replies":[{"embeddable":true,"href":"https:\/\/lavozdesanesteban.cl\/index.php\/wp-json\/wp\/v2\/comments?post=4037"}],"version-history":[{"count":1,"href":"https:\/\/lavozdesanesteban.cl\/index.php\/wp-json\/wp\/v2\/posts\/4037\/revisions"}],"predecessor-version":[{"id":4039,"href":"https:\/\/lavozdesanesteban.cl\/index.php\/wp-json\/wp\/v2\/posts\/4037\/revisions\/4039"}],"wp:featuredmedia":[{"embeddable":true,"href":"https:\/\/lavozdesanesteban.cl\/index.php\/wp-json\/wp\/v2\/media\/4038"}],"wp:attachment":[{"href":"https:\/\/lavozdesanesteban.cl\/index.php\/wp-json\/wp\/v2\/media?parent=4037"}],"wp:term":[{"taxonomy":"category","embeddable":true,"href":"https:\/\/lavozdesanesteban.cl\/index.php\/wp-json\/wp\/v2\/categories?post=4037"},{"taxonomy":"post_tag","embeddable":true,"href":"https:\/\/lavozdesanesteban.cl\/index.php\/wp-json\/wp\/v2\/tags?post=4037"}],"curies":[{"name":"wp","href":"https:\/\/api.w.org\/{rel}","templated":true}]}}