{"id":4044,"date":"2024-03-13T01:44:04","date_gmt":"2024-03-13T01:44:04","guid":{"rendered":"https:\/\/lavozdesanesteban.cl\/?p=4044"},"modified":"2024-03-13T01:44:06","modified_gmt":"2024-03-13T01:44:06","slug":"con-un-calendario-cargado-de-actividad-la-municipalidad-de-san-esteban-conmemorara-el-mes-de-la-mujer","status":"publish","type":"post","link":"https:\/\/lavozdesanesteban.cl\/index.php\/2024\/03\/13\/con-un-calendario-cargado-de-actividad-la-municipalidad-de-san-esteban-conmemorara-el-mes-de-la-mujer\/","title":{"rendered":"Con un calendario cargado de actividad, la Municipalidad de San Esteban conmemorar\u00e1 el mes de la mujer"},"content":{"rendered":"\n<p><\/p>\n\n\n\n<ul><li>Conversatorios, ciclo audiovisual, ceremonias, paseos y feria de emprendimientos ser\u00e1n s\u00f3lo algunas de las actividades que se desarrollar\u00e1n en la comuna.<\/li><\/ul>\n\n\n\n<p>Tal como han sido los a\u00f1os anteriores, el municipio de San Esteban realizar\u00e1 una serie de actividades para conmemorar el \u201c8M\u201d mes de la mujer en la comuna. As\u00ed lo se\u00f1al\u00f3 Gabriela Gallardo, una de las coordinadoras del Programa Jefas de Hogar, quien afirm\u00f3 que se desarrollar\u00e1n conversatorios, talleres, ferias de emprendimientos, exhibici\u00f3n de pel\u00edculas y una ceremonia para destacar a las sanestebinas.<\/p>\n\n\n\n<p>Desde que asumi\u00f3 la administraci\u00f3n municipal del alcalde Ortega, se han desarrollado una serie de iniciativas e iniciado servicios que apuntan a la protecci\u00f3n de las mujeres y ponen en valor las tem\u00e1ticas de g\u00e9nero. A la puesta en funcionamiento del programa Jefas de Hogar, se suma el convenio de atenci\u00f3n del Centro de la Mujer y una serie de acciones disponibles para las vecinas.&nbsp;<\/p>\n\n\n\n<p>\u201cTodas estas iniciativas, reflejan el firme compromiso de la administraci\u00f3n municipal con la tem\u00e1tica de equidad de g\u00e9nero, adoptando medidas concretas y sostenibles que buscan eliminar cualquier forma de discriminaci\u00f3n basada en el g\u00e9nero\u201d, afirm\u00f3 Gallardo.<\/p>\n\n\n\n<p>Por ello, este 07 de marzo, y hasta el 10 del mismo mes, se realizar\u00e1 la feria de emprendedoras en la Plaza de Armas, para dar a conocer sus productos.<\/p>\n\n\n\n<p>Posteriormente, el viernes 08, se desarrollar\u00e1 la ceremonia de conmemoraci\u00f3n del mes de la mujer, ocasi\u00f3n en que el municipio izar\u00e1 la bandera morada y destacar\u00e1n a 25 sanestebinas, por su valioso aporte y compromiso con la comunidad. Luego, se realizar\u00e1 un ciclo de cine con conversatorio.<\/p>\n\n\n\n<p>El lunes 11 se program\u00f3 un paseo a Papudo de 45 mujeres y, en colaboraci\u00f3n con IST, el 19 de marzo se realizar\u00e1 un curso de manipulaci\u00f3n de alimentos y el 26 de primeros auxilios. Ambos tendr\u00e1n un cupo de 25 personas y deber\u00e1n inscribirse en la Casa de la Mujer, ubicada en Avenida 26 de diciembre.<\/p>\n\n\n\n<p>\u201cEstamos muy emocionados por conmemorar el mes de la mujer en San Esteban, y queremos invitar a todas y todos los vecinos a que nos acompa\u00f1en para que as\u00ed podamos reflexionar sobre la importancia del papel de la mujer en la sociedad y reconocer su contribuci\u00f3n en distintos \u00e1mbitos\u201d, finaliz\u00f3.<\/p>\n","protected":false},"excerpt":{"rendered":"<p>Conversatorios, ciclo audiovisual, ceremonias, paseos y feria de emprendimientos ser\u00e1n s\u00f3lo algunas de las actividades que se desarrollar\u00e1n en la comuna. Tal como han sido los a\u00f1os anteriores, el municipio de San Esteban realizar\u00e1 una serie de actividades para conmemorar el \u201c8M\u201d mes de la mujer en la comuna. As\u00ed lo se\u00f1al\u00f3 Gabriela Gallardo, una &hellip;<\/p>\n","protected":false},"author":2,"featured_media":4045,"comment_status":"open","ping_status":"open","sticky":false,"template":"","format":"standard","meta":{"spay_email":""},"categories":[2],"tags":[8],"jetpack_featured_media_url":"https:\/\/lavozdesanesteban.cl\/wp-content\/uploads\/2024\/03\/8M-CRONOGRAMA-2.png","_links":{"self":[{"href":"https:\/\/lavozdesanesteban.cl\/index.php\/wp-json\/wp\/v2\/posts\/4044"}],"collection":[{"href":"https:\/\/lavozdesanesteban.cl\/index.php\/wp-json\/wp\/v2\/posts"}],"about":[{"href":"https:\/\/lavozdesanesteban.cl\/index.php\/wp-json\/wp\/v2\/types\/post"}],"author":[{"embeddable":true,"href":"https:\/\/lavozdesanesteban.cl\/index.php\/wp-json\/wp\/v2\/users\/2"}],"replies":[{"embeddable":true,"href":"https:\/\/lavozdesanesteban.cl\/index.php\/wp-json\/wp\/v2\/comments?post=4044"}],"version-history":[{"count":1,"href":"https:\/\/lavozdesanesteban.cl\/index.php\/wp-json\/wp\/v2\/posts\/4044\/revisions"}],"predecessor-version":[{"id":4046,"href":"https:\/\/lavozdesanesteban.cl\/index.php\/wp-json\/wp\/v2\/posts\/4044\/revisions\/4046"}],"wp:featuredmedia":[{"embeddable":true,"href":"https:\/\/lavozdesanesteban.cl\/index.php\/wp-json\/wp\/v2\/media\/4045"}],"wp:attachment":[{"href":"https:\/\/lavozdesanesteban.cl\/index.php\/wp-json\/wp\/v2\/media?parent=4044"}],"wp:term":[{"taxonomy":"category","embeddable":true,"href":"https:\/\/lavozdesanesteban.cl\/index.php\/wp-json\/wp\/v2\/categories?post=4044"},{"taxonomy":"post_tag","embeddable":true,"href":"https:\/\/lavozdesanesteban.cl\/index.php\/wp-json\/wp\/v2\/tags?post=4044"}],"curies":[{"name":"wp","href":"https:\/\/api.w.org\/{rel}","templated":true}]}}