{"id":4047,"date":"2024-03-13T01:48:20","date_gmt":"2024-03-13T01:48:20","guid":{"rendered":"https:\/\/lavozdesanesteban.cl\/?p=4047"},"modified":"2024-03-13T01:48:21","modified_gmt":"2024-03-13T01:48:21","slug":"especialistas-de-san-esteban-llaman-a-reactivar-medidas-de-autocuidado-ante-aumento-de-casos-de-covid","status":"publish","type":"post","link":"https:\/\/lavozdesanesteban.cl\/index.php\/2024\/03\/13\/especialistas-de-san-esteban-llaman-a-reactivar-medidas-de-autocuidado-ante-aumento-de-casos-de-covid\/","title":{"rendered":"Especialistas de San Esteban llaman a reactivar medidas de autocuidado ante aumento de casos de Covid"},"content":{"rendered":"\n<p><\/p>\n\n\n\n<ul><li>El director del Departamento de Salud de San Esteban, reforz\u00f3 el llamado a cuidar a los ni\u00f1os frente al ingreso a clases.<\/li><\/ul>\n\n\n\n<p>Ante el reciente aumento de casos de COVID-19 en el Valle del Aconcagua y el retorno de las ni\u00f1as y ni\u00f1os a las clases escolares, el Departamento de Salud de San Esteban hizo un llamado a la poblaci\u00f3n a mantener las medidas preventivas para proteger la salud de todos.<\/p>\n\n\n\n<p>En este sentido, desde el Departamento de Salud enfatizaron sobre la necesidad de seguir ciertas recomendaciones para evitar la propagaci\u00f3n del virus. Entre ellas, se encuentran el lavado constante de manos y la ventilaci\u00f3n de espacios compartidos.<\/p>\n\n\n\n<p>\u201cQueremos invitarlos a ayudarnos y prevenir juntos lo que viene en esta nueva etapa invernal. Ya tenemos una alta circulaci\u00f3n de virus, con un aumento de los casos de Covid positivo. Recordemos que este virus hoy est\u00e1 y persiste en nuestros territorios y por lo tanto debemos ayudar cuid\u00e1ndonos. Nuestro principal llamado es a los padres y al inicio de este a\u00f1o escolar incentivar el cuidado del espacio, la ventilaci\u00f3n de los lugares, el uso de pa\u00f1uelos desechables, ense\u00f1ar y educar a toser tap\u00e1ndose boca y nariz con su antebrazo, evitar la acumulaci\u00f3n de gente en espacios que podemos evitar, preferir los espacios abiertos y sobre todo mantener los cuidados preventivos que nosotros podamos tener como el lavado de manos e incentivar que los ni\u00f1os recuerden que no solo el Covid es peligroso sino que debemos fomentar la vacunaci\u00f3n que ya viene de la campa\u00f1a de influenza\u201d, agreg\u00f3 Juan Antonio Lobos, director del Departamento de Salud de San Esteban.<\/p>\n\n\n\n<p>Cabe destacar que pr\u00f3ximamente comenzar\u00e1 la campa\u00f1a de vacunaci\u00f3n influenza, para la que los equipos de salud de San Esteban se est\u00e1n preparando. Esta vacunaci\u00f3n es completamente gratuita para los grupos objetivos que deben reforzar sus defensas durante el periodo de invierno. A trav\u00e9s de las redes sociales del Departamento de Salud de San Esteban, se informar\u00e1 sobre el inicio de la campa\u00f1a.<\/p>\n","protected":false},"excerpt":{"rendered":"<p>El director del Departamento de Salud de San Esteban, reforz\u00f3 el llamado a cuidar a los ni\u00f1os frente al ingreso a clases. Ante el reciente aumento de casos de COVID-19 en el Valle del Aconcagua y el retorno de las ni\u00f1as y ni\u00f1os a las clases escolares, el Departamento de Salud de San Esteban hizo &hellip;<\/p>\n","protected":false},"author":2,"featured_media":4048,"comment_status":"open","ping_status":"open","sticky":false,"template":"","format":"standard","meta":{"spay_email":""},"categories":[5],"tags":[8],"jetpack_featured_media_url":"https:\/\/lavozdesanesteban.cl\/wp-content\/uploads\/2024\/03\/Atencio\u0301n-respiratoria-san-esteban-scaled.jpg","_links":{"self":[{"href":"https:\/\/lavozdesanesteban.cl\/index.php\/wp-json\/wp\/v2\/posts\/4047"}],"collection":[{"href":"https:\/\/lavozdesanesteban.cl\/index.php\/wp-json\/wp\/v2\/posts"}],"about":[{"href":"https:\/\/lavozdesanesteban.cl\/index.php\/wp-json\/wp\/v2\/types\/post"}],"author":[{"embeddable":true,"href":"https:\/\/lavozdesanesteban.cl\/index.php\/wp-json\/wp\/v2\/users\/2"}],"replies":[{"embeddable":true,"href":"https:\/\/lavozdesanesteban.cl\/index.php\/wp-json\/wp\/v2\/comments?post=4047"}],"version-history":[{"count":1,"href":"https:\/\/lavozdesanesteban.cl\/index.php\/wp-json\/wp\/v2\/posts\/4047\/revisions"}],"predecessor-version":[{"id":4049,"href":"https:\/\/lavozdesanesteban.cl\/index.php\/wp-json\/wp\/v2\/posts\/4047\/revisions\/4049"}],"wp:featuredmedia":[{"embeddable":true,"href":"https:\/\/lavozdesanesteban.cl\/index.php\/wp-json\/wp\/v2\/media\/4048"}],"wp:attachment":[{"href":"https:\/\/lavozdesanesteban.cl\/index.php\/wp-json\/wp\/v2\/media?parent=4047"}],"wp:term":[{"taxonomy":"category","embeddable":true,"href":"https:\/\/lavozdesanesteban.cl\/index.php\/wp-json\/wp\/v2\/categories?post=4047"},{"taxonomy":"post_tag","embeddable":true,"href":"https:\/\/lavozdesanesteban.cl\/index.php\/wp-json\/wp\/v2\/tags?post=4047"}],"curies":[{"name":"wp","href":"https:\/\/api.w.org\/{rel}","templated":true}]}}