{"id":4050,"date":"2024-03-13T01:56:42","date_gmt":"2024-03-13T01:56:42","guid":{"rendered":"https:\/\/lavozdesanesteban.cl\/?p=4050"},"modified":"2024-03-13T01:56:43","modified_gmt":"2024-03-13T01:56:43","slug":"alcalde-ortega-inicio-mesa-de-trabajo-con-obispado-para-la-construccion-de-un-nuevo-cementerio-en-san-esteban","status":"publish","type":"post","link":"https:\/\/lavozdesanesteban.cl\/index.php\/2024\/03\/13\/alcalde-ortega-inicio-mesa-de-trabajo-con-obispado-para-la-construccion-de-un-nuevo-cementerio-en-san-esteban\/","title":{"rendered":"Alcalde Ortega inici\u00f3 mesa de trabajo con Obispado para la construcci\u00f3n de un nuevo cementerio en San Esteban"},"content":{"rendered":"\n<p><\/p>\n\n\n\n<ul><li>El actual campo santo tiene un 97% de ocupaci\u00f3n y el plan regulador, que data del 2018, no permite su ampliaci\u00f3n.<\/li><\/ul>\n\n\n\n<p>Un 97% de ocupaci\u00f3n presenta el cementerio parroquial de San Esteban, ubicado en calle Teodoro Zenteno. Por este motivo, es que el Alcalde Christian Ortega sostuvo una primera reuni\u00f3n con representantes del Obispado de San Felipe, espec\u00edficamente con el departamento de administraci\u00f3n de Cementerios Cat\u00f3licos, junto al Padre Mart\u00edn del Egido, de la parroquia a fin de iniciar una mesa&nbsp; de trabajo que permita solucionar esta problem\u00e1tica que preocupa a la comunidad.<\/p>\n\n\n\n<p>En rigor, una de las opciones que se estudia es la adquisici\u00f3n de un terreno para la construcci\u00f3n de un nuevo <em>campo sant<\/em>o en la comuna, entendiendo que la actual infraestructura se encuentra pr\u00e1cticamente colapsada.<\/p>\n\n\n\n<p>Respecto a esta iniciativa, el alcalde Ortega manifest\u00f3 que \u201choy enfrentamos un problema y es que el cementerio est\u00e1 saturado, lo que es una dificultad a la hora de adquirir una sepultura para despedir a nuestros seres queridos. Por eso, es que nos reunimos con representantes de la parroquia y el Obispado para iniciar una mesa de trabajo que solucione esta problem\u00e1tica\u201d, afirm\u00f3.<\/p>\n\n\n\n<p>El plan regulador de la comuna, que data del 2018, no permite que el cementerio ampli\u00e9 su infraestructura actual, \u201ces por eso, que hoy comenzamos estas tratativas para adquirir un nuevo terreno que nos permita construir un nuevo espacio que, sin duda, dar\u00e1 mayor tranquilidad a nuestros vecinos\u201d, continu\u00f3 la autoridad comunal.<\/p>\n","protected":false},"excerpt":{"rendered":"<p>El actual campo santo tiene un 97% de ocupaci\u00f3n y el plan regulador, que data del 2018, no permite su ampliaci\u00f3n. Un 97% de ocupaci\u00f3n presenta el cementerio parroquial de San Esteban, ubicado en calle Teodoro Zenteno. Por este motivo, es que el Alcalde Christian Ortega sostuvo una primera reuni\u00f3n con representantes del Obispado de &hellip;<\/p>\n","protected":false},"author":2,"featured_media":4051,"comment_status":"open","ping_status":"open","sticky":false,"template":"","format":"standard","meta":{"spay_email":""},"categories":[2],"tags":[8],"jetpack_featured_media_url":"https:\/\/lavozdesanesteban.cl\/wp-content\/uploads\/2024\/03\/alcalde-obispo-scaled.jpg","_links":{"self":[{"href":"https:\/\/lavozdesanesteban.cl\/index.php\/wp-json\/wp\/v2\/posts\/4050"}],"collection":[{"href":"https:\/\/lavozdesanesteban.cl\/index.php\/wp-json\/wp\/v2\/posts"}],"about":[{"href":"https:\/\/lavozdesanesteban.cl\/index.php\/wp-json\/wp\/v2\/types\/post"}],"author":[{"embeddable":true,"href":"https:\/\/lavozdesanesteban.cl\/index.php\/wp-json\/wp\/v2\/users\/2"}],"replies":[{"embeddable":true,"href":"https:\/\/lavozdesanesteban.cl\/index.php\/wp-json\/wp\/v2\/comments?post=4050"}],"version-history":[{"count":1,"href":"https:\/\/lavozdesanesteban.cl\/index.php\/wp-json\/wp\/v2\/posts\/4050\/revisions"}],"predecessor-version":[{"id":4052,"href":"https:\/\/lavozdesanesteban.cl\/index.php\/wp-json\/wp\/v2\/posts\/4050\/revisions\/4052"}],"wp:featuredmedia":[{"embeddable":true,"href":"https:\/\/lavozdesanesteban.cl\/index.php\/wp-json\/wp\/v2\/media\/4051"}],"wp:attachment":[{"href":"https:\/\/lavozdesanesteban.cl\/index.php\/wp-json\/wp\/v2\/media?parent=4050"}],"wp:term":[{"taxonomy":"category","embeddable":true,"href":"https:\/\/lavozdesanesteban.cl\/index.php\/wp-json\/wp\/v2\/categories?post=4050"},{"taxonomy":"post_tag","embeddable":true,"href":"https:\/\/lavozdesanesteban.cl\/index.php\/wp-json\/wp\/v2\/tags?post=4050"}],"curies":[{"name":"wp","href":"https:\/\/api.w.org\/{rel}","templated":true}]}}