{"id":4053,"date":"2024-03-13T02:00:17","date_gmt":"2024-03-13T02:00:17","guid":{"rendered":"https:\/\/lavozdesanesteban.cl\/?p=4053"},"modified":"2024-03-13T02:00:18","modified_gmt":"2024-03-13T02:00:18","slug":"municipalidad-de-calle-larga-homenajeo-a-21-vecinas-en-conmemoracion-del-dia-internacional-de-la-mujer","status":"publish","type":"post","link":"https:\/\/lavozdesanesteban.cl\/index.php\/2024\/03\/13\/municipalidad-de-calle-larga-homenajeo-a-21-vecinas-en-conmemoracion-del-dia-internacional-de-la-mujer\/","title":{"rendered":"Municipalidad de Calle Larga homenaje\u00f3 a 21 vecinas en conmemoraci\u00f3n del D\u00eda Internacional de la Mujer"},"content":{"rendered":"\n<p><\/p>\n\n\n\n<p><strong><em>La ceremonia del ocho de marzo, encabezada por la alcaldesa Dina Gonz\u00e1lez, destac\u00f3 a mujeres que desde \u00e1reas como la salud, las artes, el trabajo comunitario, el rescate animal y la resistencia ind\u00edgena han dejado una huella imborrable en la comuna.<\/em><\/strong><\/p>\n\n\n\n<p>Entre sonrisas, aplausos y palabras de gran emoci\u00f3n, la Municipalidad de Calle Larga reconoci\u00f3 a veinti\u00fan vecinas por su valiosa contribuci\u00f3n a la comuna desde sus diversos rubros, en la ceremonia \u201cMujeres Destacadas\u201d. La distinci\u00f3n, en el marco del D\u00eda Internacional de la Mujer 2024, transcurri\u00f3 en un desayuno al que asistieron autoridades municipales y seres queridos.<\/p>\n\n\n\n<p>La alcaldesa de Calle Larga, Dina Gonz\u00e1lez, comparti\u00f3 con cada una de las homenajeadas y dedic\u00f3 un potente mensaje sobre la reivindicaci\u00f3n de los derechos femeninos, junto con alentar a las mujeres a su&nbsp; inserci\u00f3n en diversos espacios de nuestra sociedad.<\/p>\n\n\n\n<p>\u201cHemos buscado a quienes consideramos las mujeres m\u00e1s representativas de nuestra comuna en las distintas actividades que desarrollan. Adem\u00e1s, env\u00edo un saludo a cada una de las callelarguinas en este mes y deseo que cada d\u00eda puedan avanzar persiguiendo sus sue\u00f1os\u201d, indic\u00f3 la jefa comunal.<\/p>\n\n\n\n<p>Para Soledad Zepeda, artista pl\u00e1stica y profesora de talleres de pintura en el Centro Cultural y Museo Presidente Pedro Aguirre Cerda, se\u00f1al\u00f3 que el reconocimiento a su trabajo fue un honor que comparte con sus alumnas.<\/p>\n\n\n\n<p>\u201cLa amistad que se ha forjado entre nosotras trasciende las diferencias etarias y lo pasamos muy bien. El arte es un canal de comunicaci\u00f3n que puede mostrar visualmente el sentir, las carencias y deseos de las mujeres. Es una actividad que revela nuestra realidad espiritual, social y econ\u00f3mica\u201d, sostuvo la docente.<\/p>\n\n\n\n<p>Por otro lado, las mujeres de los pueblos originarios tambi\u00e9n fueron destacadas. Ingrid Arancibia Traillanca, presidenta de la Agrupaci\u00f3n F\u00fcta Rep\u00fc, indic\u00f3 que fue un valioso gesto simb\u00f3lico, el cual revitaliza la cultura mapuche en la zona. \u201cVa para todas las mujeres con las que trabajamos y luchamos d\u00eda a d\u00eda. Esperamos que sumar m\u00e1s adherentes\u201d, coment\u00f3.<\/p>\n\n\n\n<p>Otro de las relevantes instancias en el contexto del Mes de la Mujer, fue la Feria de Promoci\u00f3n Femenina del pasado s\u00e1bado 9 de marzo. El evento ofreci\u00f3 espect\u00e1culos de danza contempor\u00e1nea, m\u00fasica en vivo, servicios gratuitos de autocuidado, asesor\u00eda de emprendimientos, food trucks y un pa\u00f1uelazo feminista.<\/p>\n\n\n\n<p>Cabe recordar que el municipio impulsa m\u00faltiples actividades para promover el empoderamiento de las mujeres hasta el 25 de marzo. M\u00e1s detalles disponibles en las redes sociales de la municipalidad, Facebook Calle Larga Municipalidad e Instagram @munidecallelarga.<\/p>\n","protected":false},"excerpt":{"rendered":"<p>La ceremonia del ocho de marzo, encabezada por la alcaldesa Dina Gonz\u00e1lez, destac\u00f3 a mujeres que desde \u00e1reas como la salud, las artes, el trabajo comunitario, el rescate animal y la resistencia ind\u00edgena han dejado una huella imborrable en la comuna. Entre sonrisas, aplausos y palabras de gran emoci\u00f3n, la Municipalidad de Calle Larga reconoci\u00f3 &hellip;<\/p>\n","protected":false},"author":2,"featured_media":4054,"comment_status":"open","ping_status":"open","sticky":false,"template":"","format":"standard","meta":{"spay_email":""},"categories":[7],"tags":[8],"jetpack_featured_media_url":"https:\/\/lavozdesanesteban.cl\/wp-content\/uploads\/2024\/03\/DESTACADAS.jpeg","_links":{"self":[{"href":"https:\/\/lavozdesanesteban.cl\/index.php\/wp-json\/wp\/v2\/posts\/4053"}],"collection":[{"href":"https:\/\/lavozdesanesteban.cl\/index.php\/wp-json\/wp\/v2\/posts"}],"about":[{"href":"https:\/\/lavozdesanesteban.cl\/index.php\/wp-json\/wp\/v2\/types\/post"}],"author":[{"embeddable":true,"href":"https:\/\/lavozdesanesteban.cl\/index.php\/wp-json\/wp\/v2\/users\/2"}],"replies":[{"embeddable":true,"href":"https:\/\/lavozdesanesteban.cl\/index.php\/wp-json\/wp\/v2\/comments?post=4053"}],"version-history":[{"count":1,"href":"https:\/\/lavozdesanesteban.cl\/index.php\/wp-json\/wp\/v2\/posts\/4053\/revisions"}],"predecessor-version":[{"id":4055,"href":"https:\/\/lavozdesanesteban.cl\/index.php\/wp-json\/wp\/v2\/posts\/4053\/revisions\/4055"}],"wp:featuredmedia":[{"embeddable":true,"href":"https:\/\/lavozdesanesteban.cl\/index.php\/wp-json\/wp\/v2\/media\/4054"}],"wp:attachment":[{"href":"https:\/\/lavozdesanesteban.cl\/index.php\/wp-json\/wp\/v2\/media?parent=4053"}],"wp:term":[{"taxonomy":"category","embeddable":true,"href":"https:\/\/lavozdesanesteban.cl\/index.php\/wp-json\/wp\/v2\/categories?post=4053"},{"taxonomy":"post_tag","embeddable":true,"href":"https:\/\/lavozdesanesteban.cl\/index.php\/wp-json\/wp\/v2\/tags?post=4053"}],"curies":[{"name":"wp","href":"https:\/\/api.w.org\/{rel}","templated":true}]}}