{"id":4059,"date":"2024-03-13T02:07:44","date_gmt":"2024-03-13T02:07:44","guid":{"rendered":"https:\/\/lavozdesanesteban.cl\/?p=4059"},"modified":"2024-03-13T02:07:46","modified_gmt":"2024-03-13T02:07:46","slug":"alcalde-de-los-andes-manuel-rivera-y-autoridades-se-unen-para-proteger-el-parque-andino-juncal-y-convertirlo-en-santuario-de-la-naturaleza","status":"publish","type":"post","link":"https:\/\/lavozdesanesteban.cl\/index.php\/2024\/03\/13\/alcalde-de-los-andes-manuel-rivera-y-autoridades-se-unen-para-proteger-el-parque-andino-juncal-y-convertirlo-en-santuario-de-la-naturaleza\/","title":{"rendered":"Alcalde de Los Andes Manuel Rivera y autoridades se unen para proteger el Parque Andino Juncal y convertirlo en Santuario de la Naturaleza"},"content":{"rendered":"\n<p><\/p>\n\n\n\n<p>El alcalde Manuel Rivera particip\u00f3 hoy en la Comisi\u00f3n de Medio Ambiente, Patrimonio Natural y Cambio Clim\u00e1tico del Consejo Regional en Valpara\u00edso, junto a representantes del Parque Andino Juncal: Catherine Kenrick, Tom\u00e1s Dinges y Mart\u00edn Sapaj; para exponer la realidad de este espacio natural que reviste un humedal de vital importancia para todo el Valle de Aconcagua.<\/p>\n\n\n\n<p>El compromiso de las autoridades es seguir realizando gestiones en conjunto para resguardar este espacio que ha visto renacer especies de flora y fauna, un sitio relevante para la biodiversidad, con el objetivo de que pase de ser un sitio Ramsar a la categor\u00eda de Santuario de la Naturaleza para conservar y proteger su ecosistema.<\/p>\n\n\n\n<p>Tras la reuni\u00f3n, el alcalde Manuel Rivera agradeci\u00f3 la invitaci\u00f3n a participar de esta instancia: \u201cesta tiene que ser una estrategia regional en que tenemos que preservar el parque y por sobre todo cuidarlo de amenazas\u201d. El jefe comunal destac\u00f3 en la figura de Catherine Kenrick de ser un ejemplo en la preservaci\u00f3n de este patrimonio medioambiental y agradeci\u00f3 al Consejo Regional por la acogida y apoyar esta iniciativa. Catherine Kenrick, fundadora del Parque Andino Juncal: \u201csiento que aqu\u00ed se marc\u00f3 un momento de cambio donde ya no hay vuelta atr\u00e1s. Con el apoyo del Gobierno Regional, de los consejeros, del alcalde, somos fuerza que representamos entre todos por proteger la naturaleza en Chile\u201d.<\/p>\n\n\n\n<p>La Consejera Regional Mar\u00eda Victoria Rodr\u00edguez dijo: \u201cvamos a trabajar en conjunto con el alcalde, el Gobierno Regional y la familia Kenrick para obtener todas las certificaciones que nos permitan que este Santuario de la Naturaleza sea protegido por siempre\u201d. Eduardo Le\u00f3n, presidente de la Comisi\u00f3n de Medio Ambiente del Consejo Regional agreg\u00f3: \u201ccuando entre en rigor, ojal\u00e1 este a\u00f1o, el Plan Regulador Intercomunal estar\u00e1 protegido, pero tenemos que ir m\u00e1s all\u00e1. Hoy los aconcag\u00fcinos de todos los sectores y de todo el territorio lo estamos defendiendo\u201d.<\/p>\n\n\n\n<p>La Consejera Regional Edith Quiroz destac\u00f3 esta jornada en un tema que se viene trabajando hace a\u00f1os y que busca nuevo respaldo en la actualizaci\u00f3n del Plan Regulador Intercomunal: \u201cque lo viene calificando como una zona protegida, pero es necesario tener una protecci\u00f3n a\u00fan mayor. En ese sentido hemos estado en conversaciones con el Gobernador para solicitar recursos econ\u00f3micos, poder hacer el estudio y carpeta que se tiene que presentar para obtener la calificaci\u00f3n de santuario de la naturaleza y quede protegido de todas las amenazas que pueda tener\u201d. El Consejero Regional Manuel Millones agreg\u00f3: \u201csi bien est\u00e1 el compromiso de avanzar en la figura de santuario, no descartamos de pedir a la Contralor\u00eda que en la tramitaci\u00f3n del Plan Alto Aconcagua tambi\u00e9n podamos establecer la figura de parque o \u00e1rea verde\u201d.<\/p>\n\n\n\n<p>La jornada de hoy marca un hito importante en la protecci\u00f3n del Parque Andino Juncal y refuerza el compromiso de las autoridades y la comunidad en general por preservar este invaluable patrimonio natural para las generaciones futuras.<\/p>\n","protected":false},"excerpt":{"rendered":"<p>El alcalde Manuel Rivera particip\u00f3 hoy en la Comisi\u00f3n de Medio Ambiente, Patrimonio Natural y Cambio Clim\u00e1tico del Consejo Regional en Valpara\u00edso, junto a representantes del Parque Andino Juncal: Catherine Kenrick, Tom\u00e1s Dinges y Mart\u00edn Sapaj; para exponer la realidad de este espacio natural que reviste un humedal de vital importancia para todo el Valle &hellip;<\/p>\n","protected":false},"author":2,"featured_media":4060,"comment_status":"open","ping_status":"open","sticky":false,"template":"","format":"standard","meta":{"spay_email":""},"categories":[7],"tags":[8],"jetpack_featured_media_url":"https:\/\/lavozdesanesteban.cl\/wp-content\/uploads\/2024\/03\/PARQUE.jpg","_links":{"self":[{"href":"https:\/\/lavozdesanesteban.cl\/index.php\/wp-json\/wp\/v2\/posts\/4059"}],"collection":[{"href":"https:\/\/lavozdesanesteban.cl\/index.php\/wp-json\/wp\/v2\/posts"}],"about":[{"href":"https:\/\/lavozdesanesteban.cl\/index.php\/wp-json\/wp\/v2\/types\/post"}],"author":[{"embeddable":true,"href":"https:\/\/lavozdesanesteban.cl\/index.php\/wp-json\/wp\/v2\/users\/2"}],"replies":[{"embeddable":true,"href":"https:\/\/lavozdesanesteban.cl\/index.php\/wp-json\/wp\/v2\/comments?post=4059"}],"version-history":[{"count":1,"href":"https:\/\/lavozdesanesteban.cl\/index.php\/wp-json\/wp\/v2\/posts\/4059\/revisions"}],"predecessor-version":[{"id":4061,"href":"https:\/\/lavozdesanesteban.cl\/index.php\/wp-json\/wp\/v2\/posts\/4059\/revisions\/4061"}],"wp:featuredmedia":[{"embeddable":true,"href":"https:\/\/lavozdesanesteban.cl\/index.php\/wp-json\/wp\/v2\/media\/4060"}],"wp:attachment":[{"href":"https:\/\/lavozdesanesteban.cl\/index.php\/wp-json\/wp\/v2\/media?parent=4059"}],"wp:term":[{"taxonomy":"category","embeddable":true,"href":"https:\/\/lavozdesanesteban.cl\/index.php\/wp-json\/wp\/v2\/categories?post=4059"},{"taxonomy":"post_tag","embeddable":true,"href":"https:\/\/lavozdesanesteban.cl\/index.php\/wp-json\/wp\/v2\/tags?post=4059"}],"curies":[{"name":"wp","href":"https:\/\/api.w.org\/{rel}","templated":true}]}}